{"id":10835,"date":"2021-06-20T18:48:27","date_gmt":"2021-06-20T16:48:27","guid":{"rendered":"https:\/\/projectes.xtec.cat\/tilc\/?p=10835"},"modified":"2021-06-20T18:48:27","modified_gmt":"2021-06-20T16:48:27","slug":"tasques-productives-basades-en-el-treball-amb-fonts-taf","status":"publish","type":"post","link":"https:\/\/projectes.xtec.cat\/tilc\/act-ex-_com-ensenyar\/tasques-productives-basades-en-el-treball-amb-fonts-taf\/","title":{"rendered":"Tasques productives basades en el treball amb fonts (TAF)"},"content":{"rendered":"<p>Les activitats TAF (Treball amb Fonts) s\u00f3n propostes de treball per aprendre a contrastar fonts prim\u00e0ries, que plantegen activitats productives i aborden temes rellevants.<\/p>\n<p>L\u2019activitat TAF <a href=\"http:\/\/www.xtec.cat\/~jfierro\/Bonsidolents2GM\/index.htm\" target=\"_blank\" rel=\"noopener noreferrer\">Bons i dolents a la Segona Guerra Mundial<\/a> s\u2019orienta a reconduir els judicis simplistes que s\u2019expressen en ocasions sobre els conflictes b\u00e8l\u00b7lics: de vegades es tendeixen a fer judicis com que els guanyadors s\u00f3n els bons i els perdedors (sobretot si s\u00f3n molt cruels) s\u00f3n el dolents. \u00c9s una visi\u00f3 molt parcial del que \u00e9s una guerra i s&#8217;ajusta poc a la crua realitat de tots els conflictes armats.<\/p>\n<p>Aquest judici subjectiu es fa molt evident en la percepci\u00f3 de la Segona Guerra Mundial, una de les p\u00e0gines m\u00e9s negres de la hist\u00f2ria de la humanitat, de la qual s\u00f3n especialment coneguts els crims que el r\u00e8gim nazi va cometre contra el poble jueu i altres minories com els eslaus o els gitanos. Aix\u00f2 fa que, sovint, no es tinguin en compte els crims perpetrats pel b\u00e0ndol vencedor.<\/p>\n<p>En l\u2019activitat, els alumnes avaluen la informaci\u00f3 de diferents fonts prim\u00e0ries i secund\u00e0ries (cartes, memor\u00e0ndums, documentals&#8230;) per elaborar un assaig en qu\u00e8 es defineixen sobre aquesta q\u00fcesti\u00f3.<\/p>\n<p><a href=\"https:\/\/projectes.xtec.cat\/tilc\/wp-content\/uploads\/usu2098\/2021\/06\/Bundesarchiv_Bild_146-2005-0003_Rotterdam_Zerst\u00f6rungen.jpg\"><img loading=\"lazy\" decoding=\"async\" class=\"alignnone size-full wp-image-10836\" src=\"https:\/\/projectes.xtec.cat\/tilc\/wp-content\/uploads\/usu2098\/2021\/06\/Bundesarchiv_Bild_146-2005-0003_Rotterdam_Zerst\u00f6rungen.jpg\" alt=\"\" width=\"784\" height=\"517\" srcset=\"https:\/\/projectes.xtec.cat\/tilc\/wp-content\/uploads\/usu2098\/2021\/06\/Bundesarchiv_Bild_146-2005-0003_Rotterdam_Zerst\u00f6rungen.jpg 784w, https:\/\/projectes.xtec.cat\/tilc\/wp-content\/uploads\/usu2098\/2021\/06\/Bundesarchiv_Bild_146-2005-0003_Rotterdam_Zerst\u00f6rungen-300x198.jpg 300w, https:\/\/projectes.xtec.cat\/tilc\/wp-content\/uploads\/usu2098\/2021\/06\/Bundesarchiv_Bild_146-2005-0003_Rotterdam_Zerst\u00f6rungen-768x506.jpg 768w\" sizes=\"auto, (max-width: 784px) 100vw, 784px\" \/><\/a><\/p>\n<p>Ciutat de Rotterdam, bombardejada pels aliats. Font de la imatge: <a href=\"https:\/\/upload.wikimedia.org\/wikipedia\/commons\/b\/b2\/Bundesarchiv_Bild_146-2005-0003%2C_Rotterdam%2C_Zerst%C3%B6rungen.jpg\" target=\"_blank\" rel=\"noopener noreferrer\">Wikimedia Commons<\/a><\/p>\n","protected":false},"excerpt":{"rendered":"<p>Activitat TAF sobre Bons i dolents a la Segona Guerra Mundial, dissenyada per J. L. Fierro.&hellip;  <a href=\"https:\/\/projectes.xtec.cat\/tilc\/act-ex-_com-ensenyar\/tasques-productives-basades-en-el-treball-amb-fonts-taf\/\" title=\"Read Tasques productives basades en el treball amb fonts (TAF)\">Llegeix m\u00e9s\u00bb<\/a><\/p>\n","protected":false},"author":9,"featured_media":10836,"comment_status":"open","ping_status":"closed","sticky":false,"template":"","format":"standard","meta":{"_bbp_topic_count":0,"_bbp_reply_count":0,"_bbp_total_topic_count":0,"_bbp_total_reply_count":0,"_bbp_voice_count":0,"_bbp_anonymous_reply_count":0,"_bbp_topic_count_hidden":0,"_bbp_reply_count_hidden":0,"_bbp_forum_subforum_count":0,"footnotes":""},"categories":[389],"tags":[393,336,370,392],"class_list":["post-10835","post","type-post","status-publish","format-standard","has-post-thumbnail","hentry","category-act-ex-_com-ensenyar","tag-activitats-productives","tag-ambit-social","tag-contrast-de-fonts","tag-taf"],"post_mailing_queue_ids":[],"_links":{"self":[{"href":"https:\/\/projectes.xtec.cat\/tilc\/wp-json\/wp\/v2\/posts\/10835","targetHints":{"allow":["GET"]}}],"collection":[{"href":"https:\/\/projectes.xtec.cat\/tilc\/wp-json\/wp\/v2\/posts"}],"about":[{"href":"https:\/\/projectes.xtec.cat\/tilc\/wp-json\/wp\/v2\/types\/post"}],"author":[{"embeddable":true,"href":"https:\/\/projectes.xtec.cat\/tilc\/wp-json\/wp\/v2\/users\/9"}],"replies":[{"embeddable":true,"href":"https:\/\/projectes.xtec.cat\/tilc\/wp-json\/wp\/v2\/comments?post=10835"}],"version-history":[{"count":1,"href":"https:\/\/projectes.xtec.cat\/tilc\/wp-json\/wp\/v2\/posts\/10835\/revisions"}],"predecessor-version":[{"id":10837,"href":"https:\/\/projectes.xtec.cat\/tilc\/wp-json\/wp\/v2\/posts\/10835\/revisions\/10837"}],"wp:featuredmedia":[{"embeddable":true,"href":"https:\/\/projectes.xtec.cat\/tilc\/wp-json\/wp\/v2\/media\/10836"}],"wp:attachment":[{"href":"https:\/\/projectes.xtec.cat\/tilc\/wp-json\/wp\/v2\/media?parent=10835"}],"wp:term":[{"taxonomy":"category","embeddable":true,"href":"https:\/\/projectes.xtec.cat\/tilc\/wp-json\/wp\/v2\/categories?post=10835"},{"taxonomy":"post_tag","embeddable":true,"href":"https:\/\/projectes.xtec.cat\/tilc\/wp-json\/wp\/v2\/tags?post=10835"}],"curies":[{"name":"wp","href":"https:\/\/api.w.org\/{rel}","templated":true}]}}