{"id":10883,"date":"2021-09-03T09:57:07","date_gmt":"2021-09-03T07:57:07","guid":{"rendered":"https:\/\/projectes.xtec.cat\/tilc\/?p=10883"},"modified":"2021-11-01T20:25:54","modified_gmt":"2021-11-01T19:25:54","slug":"programa-sobre-literatura-cientifica-2021-22-de-la-uvic","status":"publish","type":"post","link":"https:\/\/projectes.xtec.cat\/tilc\/novetats\/programa-sobre-literatura-cientifica-2021-22-de-la-uvic\/","title":{"rendered":"Programa sobre literatura cient\u00edfica 2021-22 de la UVic-UCC"},"content":{"rendered":"<p>Un any m\u00e9s, arrenquen les <a href=\"https:\/\/mon.uvic.cat\/tlc\/files\/2021\/09\/Triptic-TLC-21-setembre-ok.pdf\" target=\"_blank\" rel=\"noopener\">Tert\u00falies de Literatura Cient\u00edfica<\/a> i el <a href=\"https:\/\/mon.uvic.cat\/premi-llegim-ciencia\/files\/2021\/09\/10e-CONCURS-RELATS-setembre.pdf\" target=\"_blank\" rel=\"noopener\">Premi Llegim Ci\u00e8ncia<\/a> que, des de fa 15 cursos, organitza la Universitat de Vic-Universitat Central de Catalunya, dins del Programa Llengua i Societat.<\/p>\n<p>Les tert\u00falies, que tenen com a objectiu apropar la lectura sobre ci\u00e8ncia al professorat de secund\u00e0ria i d&#8217;universitat, l&#8217;alumnat universitari i el p\u00fablic en general, es podran seguir en l\u00ednia o b\u00e9 de manera presencial.<\/p>\n<p>El concurs de relats Llegim Ci\u00e8ncia s&#8217;adre\u00e7a a estudiants de tercer i quart d&#8217;ESO que, amb el guiatge del professorat de ci\u00e8ncies del seu centre, vulguin escriure i presentar un relat, a partir de la novel\u00b7la <em>El cam\u00ed de la pesta<\/em>, de Daniel Closa. Les inscripcions es poden fer <a href=\"https:\/\/mon.uvic.cat\/premi-llegim-ciencia\/10a-edicio-del-premi-llegim-ciencia-plc-uvic\/\" target=\"_blank\" rel=\"noopener\">en aquest enlla\u00e7<\/a>.<\/p>\n<ul>\n<li>Podeu consultar aqu\u00ed el tr\u00edptic de les tert\u00falies: <a style=\"color: #2795b6;\" href=\"https:\/\/projectes.xtec.cat\/tilc\/wp-content\/uploads\/usu2098\/2021\/09\/Triptic-TLC-2021-setembre-ok-4.pdf\">Tr\u00edptic TLC 2021 setembre-ok <\/a><span style=\"font-family: inherit; font-size: 1em;\">\u00a0<\/span><\/li>\n<li><span style=\"font-family: inherit; font-size: 1em;\">i el de la convocat\u00f2ria del concurs:<\/span><a href=\"https:\/\/projectes.xtec.cat\/tilc\/wp-content\/uploads\/usu2098\/2021\/09\/10e-CONCURS-RELATS-setembre-4.pdf\">10e CONCURS RELATS setembre<\/a><\/li>\n<\/ul>\n<p>&nbsp;<\/p>\n<p><a href=\"https:\/\/projectes.xtec.cat\/tilc\/wp-content\/uploads\/usu2098\/2021\/09\/tlc.png\"><img loading=\"lazy\" decoding=\"async\" class=\"alignnone wp-image-10903 size-full\" src=\"https:\/\/projectes.xtec.cat\/tilc\/wp-content\/uploads\/usu2098\/2021\/09\/tlc.png\" alt=\"\" width=\"369\" height=\"137\" srcset=\"https:\/\/projectes.xtec.cat\/tilc\/wp-content\/uploads\/usu2098\/2021\/09\/tlc.png 369w, https:\/\/projectes.xtec.cat\/tilc\/wp-content\/uploads\/usu2098\/2021\/09\/tlc-300x111.png 300w\" sizes=\"auto, (max-width: 369px) 100vw, 369px\" \/><\/a><\/p>\n<p>&nbsp;<\/p>\n<p>&nbsp;<\/p>\n","protected":false},"excerpt":{"rendered":"<p>Convocat\u00f2ria 2021-22 de les Tert\u00falies de Literatura Cient\u00edfica i el concurs de relats Llegim Ci\u00e8ncia de la UVic.&hellip;  <a href=\"https:\/\/projectes.xtec.cat\/tilc\/novetats\/programa-sobre-literatura-cientifica-2021-22-de-la-uvic\/\" title=\"Read Programa sobre literatura cient\u00edfica 2021-22 de la UVic-UCC\">Llegeix m\u00e9s\u00bb<\/a><\/p>\n","protected":false},"author":9,"featured_media":10903,"comment_status":"open","ping_status":"closed","sticky":false,"template":"","format":"standard","meta":{"_bbp_topic_count":0,"_bbp_reply_count":0,"_bbp_total_topic_count":0,"_bbp_total_reply_count":0,"_bbp_voice_count":0,"_bbp_anonymous_reply_count":0,"_bbp_topic_count_hidden":0,"_bbp_reply_count_hidden":0,"_bbp_forum_subforum_count":0,"footnotes":""},"categories":[313],"tags":[309,405,385,404],"class_list":["post-10883","post","type-post","status-publish","format-standard","has-post-thumbnail","hentry","category-novetats","tag-ambit-cientificotecnologic","tag-concursos","tag-llegim-ciencia","tag-uvic"],"post_mailing_queue_ids":[],"_links":{"self":[{"href":"https:\/\/projectes.xtec.cat\/tilc\/wp-json\/wp\/v2\/posts\/10883","targetHints":{"allow":["GET"]}}],"collection":[{"href":"https:\/\/projectes.xtec.cat\/tilc\/wp-json\/wp\/v2\/posts"}],"about":[{"href":"https:\/\/projectes.xtec.cat\/tilc\/wp-json\/wp\/v2\/types\/post"}],"author":[{"embeddable":true,"href":"https:\/\/projectes.xtec.cat\/tilc\/wp-json\/wp\/v2\/users\/9"}],"replies":[{"embeddable":true,"href":"https:\/\/projectes.xtec.cat\/tilc\/wp-json\/wp\/v2\/comments?post=10883"}],"version-history":[{"count":3,"href":"https:\/\/projectes.xtec.cat\/tilc\/wp-json\/wp\/v2\/posts\/10883\/revisions"}],"predecessor-version":[{"id":10904,"href":"https:\/\/projectes.xtec.cat\/tilc\/wp-json\/wp\/v2\/posts\/10883\/revisions\/10904"}],"wp:featuredmedia":[{"embeddable":true,"href":"https:\/\/projectes.xtec.cat\/tilc\/wp-json\/wp\/v2\/media\/10903"}],"wp:attachment":[{"href":"https:\/\/projectes.xtec.cat\/tilc\/wp-json\/wp\/v2\/media?parent=10883"}],"wp:term":[{"taxonomy":"category","embeddable":true,"href":"https:\/\/projectes.xtec.cat\/tilc\/wp-json\/wp\/v2\/categories?post=10883"},{"taxonomy":"post_tag","embeddable":true,"href":"https:\/\/projectes.xtec.cat\/tilc\/wp-json\/wp\/v2\/tags?post=10883"}],"curies":[{"name":"wp","href":"https:\/\/api.w.org\/{rel}","templated":true}]}}