{"id":10946,"date":"2021-11-08T12:10:54","date_gmt":"2021-11-08T11:10:54","guid":{"rendered":"https:\/\/projectes.xtec.cat\/tilc\/?p=10946"},"modified":"2021-11-08T13:00:06","modified_gmt":"2021-11-08T12:00:06","slug":"men-contes-un-de-ciencia-concurs-de-relats-curts","status":"publish","type":"post","link":"https:\/\/projectes.xtec.cat\/tilc\/novetats\/men-contes-un-de-ciencia-concurs-de-relats-curts\/","title":{"rendered":"Me&#8217;n contes un de ci\u00e8ncia? Concurs de relats curts"},"content":{"rendered":"<p>En el marc de la <strong><a href=\"https:\/\/setmanaciencia.fundaciorecerca.cat\/frontend\/\" target=\"_blank\" rel=\"noopener\">XXVI Setmana de la Ci\u00e8ncia<\/a><\/strong>, l\u2019<a href=\"http:\/\/www.ice.udl.cat\/ca\/\" target=\"_blank\" rel=\"noopener\">ICE de la Universitat de Lleida<\/a> convoca el VIII concurs de relats curts <em>Me\u2019n contes un de ci\u00e8ncia?<\/em><\/p>\n<p>Aquest concurs t\u00e9 com a objectiu fer palesa la\u00a0import\u00e0ncia de l\u2019\u00fas de l&#8217;expressi\u00f3 escrita en totes les\u00a0\u00e0rees del curr\u00edculum. \u00c9s, per tant, una bona oportunitat per treballar la integraci\u00f3 de llengua i continguts de manera rellevant per a l\u2019alumnat: participant en un concurs.<\/p>\n<p>El termini de presentaci\u00f3 dels relats, que es poden escriure en catal\u00e0, en aran\u00e8s o en castell\u00e0, s\u2019acaba el 10 de desembre. Hi ha dues modalitats: prim\u00e0ria i secund\u00e0ria, i s\u2019han establert premis al centre i a l\u2019alumne.<\/p>\n<p>Enguany s\u2019han previst els temes seg\u00fcents, tal com podeu llegir a les <strong><a href=\"http:\/\/www.ice.udl.cat\/export\/sites\/Ice\/ca\/.galleries\/Documents\/Bases-Concurs-de-Relats-Setmana-Ciencia-AcordCG_212-2021.pdf\" target=\"_blank\" rel=\"noopener\">bases del concurs<\/a><\/strong>:<\/p>\n<ul>\n<li>Prim\u00e0ria: la sostenibilitat o la nanotecnologia. En aquesta categoria el relat s\u2019ha de construir a partir d\u2019un trinomi fant\u00e0stic de tres paraules clau.<\/li>\n<li>Secund\u00e0ria: la sostenibilitat, l\u2019Any Internacional de les fruites i les verdures, el centenari del naixement de Teresa Juv\u00e9 i Acero, el 150 aniversari del naixement de Josep Maria Fuset i Turbi\u00e0 o l\u2019evoluci\u00f3 de la microsc\u00f2pia a la nanoescala.<\/li>\n<\/ul>\n<p>Si hi decidiu participar-hi, haureu de lliurar cada treball adjunt a <strong><a href=\"https:\/\/docs.google.com\/forms\/d\/e\/1FAIpQLSess4Lar0d5ghfzQzQ7x1j_vnsNmXw7UaWilY7pbRHDynwPTw\/viewform\" target=\"_blank\" rel=\"noopener\">aquest formulari<\/a><\/strong>. Des d\u2019aqu\u00ed us volem animar a fer-ho!<\/p>\n<p><a href=\"https:\/\/projectes.xtec.cat\/tilc\/wp-content\/uploads\/usu2098\/2021\/11\/CARTELL-RELATS-BREUS-CATALA-redimensionat.jpg\"><img loading=\"lazy\" decoding=\"async\" class=\"wp-image-10954 size-large aligncenter\" src=\"https:\/\/projectes.xtec.cat\/tilc\/wp-content\/uploads\/usu2098\/2021\/11\/CARTELL-RELATS-BREUS-CATALA-redimensionat-718x1024.jpg\" alt=\"\" width=\"718\" height=\"1024\" srcset=\"https:\/\/projectes.xtec.cat\/tilc\/wp-content\/uploads\/usu2098\/2021\/11\/CARTELL-RELATS-BREUS-CATALA-redimensionat-718x1024.jpg 718w, https:\/\/projectes.xtec.cat\/tilc\/wp-content\/uploads\/usu2098\/2021\/11\/CARTELL-RELATS-BREUS-CATALA-redimensionat-210x300.jpg 210w, https:\/\/projectes.xtec.cat\/tilc\/wp-content\/uploads\/usu2098\/2021\/11\/CARTELL-RELATS-BREUS-CATALA-redimensionat-768x1096.jpg 768w, https:\/\/projectes.xtec.cat\/tilc\/wp-content\/uploads\/usu2098\/2021\/11\/CARTELL-RELATS-BREUS-CATALA-redimensionat-1076x1536.jpg 1076w, https:\/\/projectes.xtec.cat\/tilc\/wp-content\/uploads\/usu2098\/2021\/11\/CARTELL-RELATS-BREUS-CATALA-redimensionat-1435x2048.jpg 1435w, https:\/\/projectes.xtec.cat\/tilc\/wp-content\/uploads\/usu2098\/2021\/11\/CARTELL-RELATS-BREUS-CATALA-redimensionat.jpg 1674w\" sizes=\"auto, (max-width: 718px) 100vw, 718px\" \/><\/a><\/p>\n","protected":false},"excerpt":{"rendered":"<p>Convocat\u00f2ria del concurs de relats curts que convoca l&#8217;ICE de la UdL en el marc de la 26a Setmana de la Ci\u00e8ncia&hellip;  <a href=\"https:\/\/projectes.xtec.cat\/tilc\/novetats\/men-contes-un-de-ciencia-concurs-de-relats-curts\/\" title=\"Read Me&#8217;n contes un de ci\u00e8ncia? Concurs de relats curts\">Llegeix m\u00e9s\u00bb<\/a><\/p>\n","protected":false},"author":9,"featured_media":10954,"comment_status":"open","ping_status":"closed","sticky":false,"template":"","format":"standard","meta":{"_bbp_topic_count":0,"_bbp_reply_count":0,"_bbp_total_topic_count":0,"_bbp_total_reply_count":0,"_bbp_voice_count":0,"_bbp_anonymous_reply_count":0,"_bbp_topic_count_hidden":0,"_bbp_reply_count_hidden":0,"_bbp_forum_subforum_count":0,"footnotes":""},"categories":[313],"tags":[309,405,332],"class_list":["post-10946","post","type-post","status-publish","format-standard","has-post-thumbnail","hentry","category-novetats","tag-ambit-cientificotecnologic","tag-concursos","tag-escriure"],"post_mailing_queue_ids":[],"_links":{"self":[{"href":"https:\/\/projectes.xtec.cat\/tilc\/wp-json\/wp\/v2\/posts\/10946","targetHints":{"allow":["GET"]}}],"collection":[{"href":"https:\/\/projectes.xtec.cat\/tilc\/wp-json\/wp\/v2\/posts"}],"about":[{"href":"https:\/\/projectes.xtec.cat\/tilc\/wp-json\/wp\/v2\/types\/post"}],"author":[{"embeddable":true,"href":"https:\/\/projectes.xtec.cat\/tilc\/wp-json\/wp\/v2\/users\/9"}],"replies":[{"embeddable":true,"href":"https:\/\/projectes.xtec.cat\/tilc\/wp-json\/wp\/v2\/comments?post=10946"}],"version-history":[{"count":2,"href":"https:\/\/projectes.xtec.cat\/tilc\/wp-json\/wp\/v2\/posts\/10946\/revisions"}],"predecessor-version":[{"id":10955,"href":"https:\/\/projectes.xtec.cat\/tilc\/wp-json\/wp\/v2\/posts\/10946\/revisions\/10955"}],"wp:featuredmedia":[{"embeddable":true,"href":"https:\/\/projectes.xtec.cat\/tilc\/wp-json\/wp\/v2\/media\/10954"}],"wp:attachment":[{"href":"https:\/\/projectes.xtec.cat\/tilc\/wp-json\/wp\/v2\/media?parent=10946"}],"wp:term":[{"taxonomy":"category","embeddable":true,"href":"https:\/\/projectes.xtec.cat\/tilc\/wp-json\/wp\/v2\/categories?post=10946"},{"taxonomy":"post_tag","embeddable":true,"href":"https:\/\/projectes.xtec.cat\/tilc\/wp-json\/wp\/v2\/tags?post=10946"}],"curies":[{"name":"wp","href":"https:\/\/api.w.org\/{rel}","templated":true}]}}