{"id":10962,"date":"2021-11-22T12:54:37","date_gmt":"2021-11-22T11:54:37","guid":{"rendered":"https:\/\/projectes.xtec.cat\/tilc\/?p=10962"},"modified":"2021-11-22T12:57:02","modified_gmt":"2021-11-22T11:57:02","slug":"la-main-a-la-pate-integrar-ciencies-llengua-i-societat-des-dels-primers-anys-escolars","status":"publish","type":"post","link":"https:\/\/projectes.xtec.cat\/tilc\/recursos\/la-main-a-la-pate-integrar-ciencies-llengua-i-societat-des-dels-primers-anys-escolars\/","title":{"rendered":"La main \u00e0 la p\u00e2te: integrar ci\u00e8ncies, llengua i societat des dels primers anys escolars"},"content":{"rendered":"<p>La <span style=\"text-decoration: underline;\"><a href=\"https:\/\/www.fondation-lamap.org\/es\/page\/29284\/principios-y-retos\" target=\"_blank\" rel=\"noopener\">Fundaci\u00f3 LAMAP<\/a><\/span> (<a href=\"https:\/\/fr.wikipedia.org\/wiki\/La_Main_%C3%A0_la_p%C3%A2te\" target=\"_blank\" rel=\"noopener\"><span style=\"text-decoration: underline;\">La Main \u00e0 la p\u00e2te<\/span><\/a>) ha col\u00b7laborat amb el Ministeri d\u2019Educaci\u00f3 franc\u00e8s, amb la comunitat cient\u00edfica d\u2019aquest pa\u00eds i les escoles de formaci\u00f3 del professorat, en la renovaci\u00f3 de la did\u00e0ctica de les ci\u00e8ncies, amb una proposta did\u00e0ctica que es basa en generar processos d\u2019indagaci\u00f3, bo i prestant atenci\u00f3 a la dimensi\u00f3 ling\u00fc\u00edstica que aquests processos impliquen.<\/p>\n<p>En qu\u00e8 consisteix la proposta? En cinc fases es treballa una situaci\u00f3 que porta l\u2019alumnat a reflexionar, cercar informaci\u00f3, experimentar, intercanviar opinions raonades i formular i comunicar les conclusions. Aquestes fases s\u00f3n:<\/p>\n<p>Elecci\u00f3 d&#8217;una situaci\u00f3 de partida &gt; Formulaci\u00f3 d&#8217;interrogants per part de l&#8217;alumnat &gt; Elaboraci\u00f3 d&#8217;hip\u00f2tesis i disseny d&#8217;una investigaci\u00f3 &gt; Investigaci\u00f3 dirigida per l&#8217;alumnat &gt; Adquisici\u00f3, estructuraci\u00f3 i comunicaci\u00f3 dels coneixements.<\/p>\n<p>Al llarg de la seq\u00fc\u00e8ncia es presta atenci\u00f3 al llenguatge en tots els aspectes: elegir els termes m\u00e9s adients per parlar del fenomen estudiat, obtenir informaci\u00f3, produir i desxifrar textos multimodals, intercanviar oralment observacions i interpretacions i defensar el propi punt de vista, comunicar conclusions oralment i per escrit i reflexionar sobre el que hem apr\u00e8s (en un quadern individual).<\/p>\n<p>La fundaci\u00f3 LAMAP mant\u00e9 diversos projectes internacionals. Un d\u2019aquests projectes ha tingut la participaci\u00f3 del Departament d\u2019Educaci\u00f3 i s\u2019ha concretat en el programa Ci\u00e8ncies i Societat, que <a href=\"http:\/\/xtec.gencat.cat\/ca\/projectes\/plurilinguisme\/metodologies\/til\/intercomprensio\/societe\/\" target=\"_blank\" rel=\"noopener\"><u>podeu consultar a XTEC<\/u><\/a>, on trobareu algunes unitats did\u00e0ctiques. Tamb\u00e9 podeu consultar el document en catal\u00e0 <a href=\"https:\/\/www.fondation-lamap.org\/sites\/default\/files\/upload\/media\/DA2_catalan_0.pdf\" target=\"_blank\" rel=\"noopener\"><em><u>LAMAP. Projecte educatiu per aprendre i viure la ci\u00e8ncia a l\u2019escola<\/u><\/em><\/a>, on trobareu l\u2019explicaci\u00f3 detallada d\u2019aquesta proposta d\u2019ensenyament de les ci\u00e8ncies, juntament amb diverses unitats did\u00e0ctiques per a tots els cicles de prim\u00e0ria.<\/p>\n<p>L\u2019enfocament que es proposa en aquests programes s\u2019orienta a l\u2019educaci\u00f3 prim\u00e0ria, per\u00f2 l\u2019estructura i l\u2019orientaci\u00f3 did\u00e0ctica pot aplicar-se a l\u2019ESO, amb les adaptacions l\u00f2giques que implica. Per aix\u00f2 us recomanem que feu una mirada a aquests materials.<\/p>\n<p><a href=\"https:\/\/projectes.xtec.cat\/tilc\/wp-content\/uploads\/usu2098\/2021\/11\/logo_mini_lamap_0.png\"><img loading=\"lazy\" decoding=\"async\" class=\"alignnone wp-image-10963\" src=\"https:\/\/projectes.xtec.cat\/tilc\/wp-content\/uploads\/usu2098\/2021\/11\/logo_mini_lamap_0.png\" alt=\"\" width=\"610\" height=\"140\" srcset=\"https:\/\/projectes.xtec.cat\/tilc\/wp-content\/uploads\/usu2098\/2021\/11\/logo_mini_lamap_0.png 305w, https:\/\/projectes.xtec.cat\/tilc\/wp-content\/uploads\/usu2098\/2021\/11\/logo_mini_lamap_0-300x70.png 300w\" sizes=\"auto, (max-width: 610px) 100vw, 610px\" \/><\/a><\/p>\n","protected":false},"excerpt":{"rendered":"<p>Presentaci\u00f3 dels materials i fonaments te\u00f2rics de La Main \u00e0 la p\u00e2te, i del projecte XTEC relacionat Llengua i Societat.&hellip;  <a href=\"https:\/\/projectes.xtec.cat\/tilc\/recursos\/la-main-a-la-pate-integrar-ciencies-llengua-i-societat-des-dels-primers-anys-escolars\/\" title=\"Read La main \u00e0 la p\u00e2te: integrar ci\u00e8ncies, llengua i societat des dels primers anys escolars\">Llegeix m\u00e9s\u00bb<\/a><\/p>\n","protected":false},"author":9,"featured_media":10963,"comment_status":"open","ping_status":"closed","sticky":false,"template":"","format":"standard","meta":{"_bbp_topic_count":0,"_bbp_reply_count":0,"_bbp_total_topic_count":0,"_bbp_total_reply_count":0,"_bbp_voice_count":0,"_bbp_anonymous_reply_count":0,"_bbp_topic_count_hidden":0,"_bbp_reply_count_hidden":0,"_bbp_forum_subforum_count":0,"footnotes":""},"categories":[76],"tags":[309,338,411],"class_list":["post-10962","post","type-post","status-publish","format-standard","has-post-thumbnail","hentry","category-recursos","tag-ambit-cientificotecnologic","tag-educacio-primaria","tag-indagacio"],"post_mailing_queue_ids":[],"_links":{"self":[{"href":"https:\/\/projectes.xtec.cat\/tilc\/wp-json\/wp\/v2\/posts\/10962","targetHints":{"allow":["GET"]}}],"collection":[{"href":"https:\/\/projectes.xtec.cat\/tilc\/wp-json\/wp\/v2\/posts"}],"about":[{"href":"https:\/\/projectes.xtec.cat\/tilc\/wp-json\/wp\/v2\/types\/post"}],"author":[{"embeddable":true,"href":"https:\/\/projectes.xtec.cat\/tilc\/wp-json\/wp\/v2\/users\/9"}],"replies":[{"embeddable":true,"href":"https:\/\/projectes.xtec.cat\/tilc\/wp-json\/wp\/v2\/comments?post=10962"}],"version-history":[{"count":3,"href":"https:\/\/projectes.xtec.cat\/tilc\/wp-json\/wp\/v2\/posts\/10962\/revisions"}],"predecessor-version":[{"id":10966,"href":"https:\/\/projectes.xtec.cat\/tilc\/wp-json\/wp\/v2\/posts\/10962\/revisions\/10966"}],"wp:featuredmedia":[{"embeddable":true,"href":"https:\/\/projectes.xtec.cat\/tilc\/wp-json\/wp\/v2\/media\/10963"}],"wp:attachment":[{"href":"https:\/\/projectes.xtec.cat\/tilc\/wp-json\/wp\/v2\/media?parent=10962"}],"wp:term":[{"taxonomy":"category","embeddable":true,"href":"https:\/\/projectes.xtec.cat\/tilc\/wp-json\/wp\/v2\/categories?post=10962"},{"taxonomy":"post_tag","embeddable":true,"href":"https:\/\/projectes.xtec.cat\/tilc\/wp-json\/wp\/v2\/tags?post=10962"}],"curies":[{"name":"wp","href":"https:\/\/api.w.org\/{rel}","templated":true}]}}