{"id":10967,"date":"2021-12-03T19:59:42","date_gmt":"2021-12-03T18:59:42","guid":{"rendered":"https:\/\/projectes.xtec.cat\/tilc\/?p=10967"},"modified":"2022-04-26T09:11:12","modified_gmt":"2022-04-26T07:11:12","slug":"el-projecte-neurones-fregides","status":"publish","type":"post","link":"https:\/\/projectes.xtec.cat\/tilc\/novetats\/el-projecte-neurones-fregides\/","title":{"rendered":"El projecte Neurones Fregides"},"content":{"rendered":"<p>Neurones Fregides \u00e9s una plataforma que agrupa diferents projectes de divulgaci\u00f3 cient\u00edfica, amb la voluntat de <em>crear xarxa, promoure la divulgaci\u00f3 i la creaci\u00f3 de contingut en catal\u00e0.\u00a0<\/em>I tot aix\u00f2 d&#8217;una manera atractiva, dinamitzada per gent jove i adre\u00e7ada a p\u00fablic de totes les edats. Es tracta d&#8217;una excel\u00b7lent idea per recolzar la pres\u00e8ncia del catal\u00e0 en l&#8217;\u00e0mbit acad\u00e8mic i fer assequibles els continguts cient\u00edfics.<\/p>\n<p>Podeu seguir Neurones Fregides <span style=\"text-decoration: underline;\"><a href=\"https:\/\/www.cienciaoberta.cat\/neurones\/\" target=\"_blank\" rel=\"noopener\">a la seva p\u00e0gina web<\/a><\/span> i tamb\u00e9 a les xarxes socials: Twitter (<a href=\"https:\/\/twitter.com\/neurofregides\">@neuronesfregides<\/a>), Instagram (<a href=\"https:\/\/www.instagram.com\/neurofregides\/\" target=\"_blank\" rel=\"noopener\">https:\/\/www.instagram.com\/neurofregides\/<\/a>), Twitch (<a href=\"https:\/\/www.twitch.tv\/neuronesfregides\" target=\"_blank\" rel=\"noopener\">https:\/\/www.twitch.tv\/neuronesfregides<\/a>) i Youtube (canal <a href=\"https:\/\/www.youtube.com\/channel\/UC5xvdMHA3ipZMmdVy8jNRhA\" target=\"_blank\" rel=\"noopener\">Neurones Fregides<\/a>).<\/p>\n<p>Des d&#8217;aqu\u00ed volem felicitar Neurones Fregides per la feina que estan fent i tamb\u00e9 per l&#8217;ajut que els acaba de concedir la <a href=\"https:\/\/www.fundaciorecerca.cat\/ca\/\" target=\"_blank\" rel=\"noopener\">Fundaci\u00f3 Catalana per a la Recerca i la Innovaci\u00f3 (FCRI)<\/a>.<\/p>\n<p><a href=\"https:\/\/projectes.xtec.cat\/tilc\/wp-content\/uploads\/usu2098\/2021\/12\/Neurones-Fregides-logo.jpg\"><img loading=\"lazy\" decoding=\"async\" class=\"alignnone size-full wp-image-10968\" src=\"https:\/\/projectes.xtec.cat\/tilc\/wp-content\/uploads\/usu2098\/2021\/12\/Neurones-Fregides-logo.jpg\" alt=\"\" width=\"1280\" height=\"720\" srcset=\"https:\/\/projectes.xtec.cat\/tilc\/wp-content\/uploads\/usu2098\/2021\/12\/Neurones-Fregides-logo.jpg 1280w, https:\/\/projectes.xtec.cat\/tilc\/wp-content\/uploads\/usu2098\/2021\/12\/Neurones-Fregides-logo-300x169.jpg 300w, https:\/\/projectes.xtec.cat\/tilc\/wp-content\/uploads\/usu2098\/2021\/12\/Neurones-Fregides-logo-1024x576.jpg 1024w, https:\/\/projectes.xtec.cat\/tilc\/wp-content\/uploads\/usu2098\/2021\/12\/Neurones-Fregides-logo-768x432.jpg 768w\" sizes=\"auto, (max-width: 1280px) 100vw, 1280px\" \/><\/a><\/p>\n","protected":false},"excerpt":{"rendered":"<p>Presentaci\u00f3 de la plataforma Neurones Fregides, la tasca de la qual acaba de ser reconeguda amb un ajut de la FCRI.&hellip;  <a href=\"https:\/\/projectes.xtec.cat\/tilc\/novetats\/el-projecte-neurones-fregides\/\" title=\"Read El projecte Neurones Fregides\">Llegeix m\u00e9s\u00bb<\/a><\/p>\n","protected":false},"author":9,"featured_media":10968,"comment_status":"open","ping_status":"closed","sticky":false,"template":"","format":"standard","meta":{"_bbp_topic_count":0,"_bbp_reply_count":0,"_bbp_total_topic_count":0,"_bbp_total_reply_count":0,"_bbp_voice_count":0,"_bbp_anonymous_reply_count":0,"_bbp_topic_count_hidden":0,"_bbp_reply_count_hidden":0,"_bbp_forum_subforum_count":0,"footnotes":""},"categories":[313],"tags":[309,413,443,367,412],"class_list":["post-10967","post","type-post","status-publish","format-standard","has-post-thumbnail","hentry","category-novetats","tag-ambit-cientificotecnologic","tag-llenguatge-academic","tag-mantinc-el-catala","tag-publicacions","tag-xarxes-socials"],"post_mailing_queue_ids":[],"_links":{"self":[{"href":"https:\/\/projectes.xtec.cat\/tilc\/wp-json\/wp\/v2\/posts\/10967","targetHints":{"allow":["GET"]}}],"collection":[{"href":"https:\/\/projectes.xtec.cat\/tilc\/wp-json\/wp\/v2\/posts"}],"about":[{"href":"https:\/\/projectes.xtec.cat\/tilc\/wp-json\/wp\/v2\/types\/post"}],"author":[{"embeddable":true,"href":"https:\/\/projectes.xtec.cat\/tilc\/wp-json\/wp\/v2\/users\/9"}],"replies":[{"embeddable":true,"href":"https:\/\/projectes.xtec.cat\/tilc\/wp-json\/wp\/v2\/comments?post=10967"}],"version-history":[{"count":3,"href":"https:\/\/projectes.xtec.cat\/tilc\/wp-json\/wp\/v2\/posts\/10967\/revisions"}],"predecessor-version":[{"id":10972,"href":"https:\/\/projectes.xtec.cat\/tilc\/wp-json\/wp\/v2\/posts\/10967\/revisions\/10972"}],"wp:featuredmedia":[{"embeddable":true,"href":"https:\/\/projectes.xtec.cat\/tilc\/wp-json\/wp\/v2\/media\/10968"}],"wp:attachment":[{"href":"https:\/\/projectes.xtec.cat\/tilc\/wp-json\/wp\/v2\/media?parent=10967"}],"wp:term":[{"taxonomy":"category","embeddable":true,"href":"https:\/\/projectes.xtec.cat\/tilc\/wp-json\/wp\/v2\/categories?post=10967"},{"taxonomy":"post_tag","embeddable":true,"href":"https:\/\/projectes.xtec.cat\/tilc\/wp-json\/wp\/v2\/tags?post=10967"}],"curies":[{"name":"wp","href":"https:\/\/api.w.org\/{rel}","templated":true}]}}