{"id":10973,"date":"2021-12-11T18:14:24","date_gmt":"2021-12-11T17:14:24","guid":{"rendered":"https:\/\/projectes.xtec.cat\/tilc\/?p=10973"},"modified":"2021-12-11T18:24:49","modified_gmt":"2021-12-11T17:24:49","slug":"el-suport-linguistic-i-social-un-recurs-basat-en-la-metodologia-tilc","status":"publish","type":"post","link":"https:\/\/projectes.xtec.cat\/tilc\/recursos\/el-suport-linguistic-i-social-un-recurs-basat-en-la-metodologia-tilc\/","title":{"rendered":"El Suport Ling\u00fc\u00edstic i Social: un recurs basat en la metodologia TILC"},"content":{"rendered":"<p>Quan un alumne d&#8217;origen estranger ha passat per l&#8217;aula d&#8217;acollida (o ha rebut una atenci\u00f3 equivalent) durant els primers dos cursos d&#8217;estada al nostre sistema educatiu, per\u00f2 encara no t\u00e9 un domini del catal\u00e0 similar al de la resta dels seus companys, necessita que el professorat de l&#8217;aula ordin\u00e0ria li proporcioni mesures i suports addicionals, per ajudar-lo a assolir l&#8217;\u00e8xit educatiu.<\/p>\n<p>Amb aquesta intenci\u00f3, des de fa cinc anys el Departament d&#8217;Educaci\u00f3 va posant a l&#8217;abast del professorat un conjunt de materials i d&#8217;activitats formatives, disponibles a la p\u00e0gina corresponent d&#8217;XTEC, aplegats sota l&#8217;etiqueta del Suport Ling\u00fc\u00edstic i Social<\/p>\n<p>Cal remarcar que, a difer\u00e8ncia de l&#8217;aula d&#8217;acollida, el Suport Ling\u00fc\u00edstic i Social no s\u00f3n recursos humans, sin\u00f3 orientacions i materials per facilitar l&#8217;atenci\u00f3 de tot l&#8217;alumnat, en aules diverses, al professorat de l&#8217;aula ordin\u00e0ria de tots els \u00e0mbits curriculars. Per aix\u00f2 aquests recursos es basen en la metodologia TILC, per b\u00e9 que s&#8217;orienten de manera m\u00e9s espec\u00edfica a l&#8217;ensenyament en aules multiculturals, per ajudar l&#8217;alumnat a millorar en un doble aprenentatge: el domini de la llengua i l&#8217;assoliment dels continguts curriculars en tots els \u00e0mbits.<\/p>\n<p>Us recomanem que feu una mirada a la p\u00e0gina d&#8217;XTEC dedicada al SLS:<\/p>\n<ul>\n<li>Si treballeu en aules multiling\u00fces i pluriculturals, tot el contingut us ser\u00e0 \u00fatil. A manera d&#8217;exemple, podeu consultar els <a href=\"http:\/\/xtec.gencat.cat\/web\/.content\/projectes\/alumnat-origen-estranger\/suport-linguistic-social\/seguiment\/Nivells_materies_CELM.pdf\" target=\"_blank\" rel=\"noopener\"><span style=\"text-decoration: underline;\">descriptors del nivell de llengua per a la hist\u00f2ria, les matem\u00e0tiques i l&#8217;educaci\u00f3 c\u00edvica<\/span><\/a>.<\/li>\n<li>Si, simplement, voleu complementar els recursos TILC, us recomanem els tres primers quaderns de la col\u00b7lecci\u00f3 <a href=\"http:\/\/xtec.gencat.cat\/ca\/projectes\/alumnat-origen-estranger\/suport-linguistic-social\/publicacions\/quaderns-sls\/\" target=\"_blank\" rel=\"noopener\"><em>Suport ling\u00fc\u00edstic i social en aules multiling\u00fces.<\/em><\/a><\/li>\n<li>Finalment, si voleu estar al dia de l&#8217;actualitzaci\u00f3 del recurs, us recomanem que us suscriviu a l&#8217;espai <a href=\"https:\/\/projectes.xtec.cat\/acollidasuport\/categoria\/suport-aprenentatge\/\" target=\"_blank\" rel=\"noopener\"><em>Suport a l&#8217;aprenentatge<\/em><\/a>, dins del Nodes <a href=\"https:\/\/projectes.xtec.cat\/acollidasuport\/\" target=\"_blank\" rel=\"noopener\"><em>Alumnat d&#8217;Origen Estranger<\/em><\/a>.<\/li>\n<\/ul>\n<p style=\"text-align: center;\"><a href=\"https:\/\/projectes.xtec.cat\/tilc\/wp-content\/uploads\/usu2098\/2021\/12\/sls-553x553.png_1595044798.png\"><img loading=\"lazy\" decoding=\"async\" class=\"alignnone size-full wp-image-10974\" src=\"https:\/\/projectes.xtec.cat\/tilc\/wp-content\/uploads\/usu2098\/2021\/12\/sls-553x553.png_1595044798.png\" alt=\"Logo SLS\" width=\"538\" height=\"538\" srcset=\"https:\/\/projectes.xtec.cat\/tilc\/wp-content\/uploads\/usu2098\/2021\/12\/sls-553x553.png_1595044798.png 538w, https:\/\/projectes.xtec.cat\/tilc\/wp-content\/uploads\/usu2098\/2021\/12\/sls-553x553.png_1595044798-300x300.png 300w, https:\/\/projectes.xtec.cat\/tilc\/wp-content\/uploads\/usu2098\/2021\/12\/sls-553x553.png_1595044798-150x150.png 150w\" sizes=\"auto, (max-width: 538px) 100vw, 538px\" \/><\/a><\/p>\n","protected":false},"excerpt":{"rendered":"<p>Presentaci\u00f3 dels recursos aplegats en el Suport Ling\u00fc\u00edstic i Social.&hellip;  <a href=\"https:\/\/projectes.xtec.cat\/tilc\/recursos\/el-suport-linguistic-i-social-un-recurs-basat-en-la-metodologia-tilc\/\" title=\"Read El Suport Ling\u00fc\u00edstic i Social: un recurs basat en la metodologia TILC\">Llegeix m\u00e9s\u00bb<\/a><\/p>\n","protected":false},"author":9,"featured_media":10974,"comment_status":"open","ping_status":"closed","sticky":false,"template":"","format":"standard","meta":{"_bbp_topic_count":0,"_bbp_reply_count":0,"_bbp_total_topic_count":0,"_bbp_total_reply_count":0,"_bbp_voice_count":0,"_bbp_anonymous_reply_count":0,"_bbp_topic_count_hidden":0,"_bbp_reply_count_hidden":0,"_bbp_forum_subforum_count":0,"footnotes":""},"categories":[76],"tags":[415,303,318,316,367,414,320],"class_list":["post-10973","post","type-post","status-publish","format-standard","has-post-thumbnail","hentry","category-recursos","tag-alumnat-dorigen-estranger","tag-bastides-de-suport","tag-multiculturalitat","tag-plurilinguisme","tag-publicacions","tag-suport-linguistic-i-social","tag-tilc"],"post_mailing_queue_ids":[],"_links":{"self":[{"href":"https:\/\/projectes.xtec.cat\/tilc\/wp-json\/wp\/v2\/posts\/10973","targetHints":{"allow":["GET"]}}],"collection":[{"href":"https:\/\/projectes.xtec.cat\/tilc\/wp-json\/wp\/v2\/posts"}],"about":[{"href":"https:\/\/projectes.xtec.cat\/tilc\/wp-json\/wp\/v2\/types\/post"}],"author":[{"embeddable":true,"href":"https:\/\/projectes.xtec.cat\/tilc\/wp-json\/wp\/v2\/users\/9"}],"replies":[{"embeddable":true,"href":"https:\/\/projectes.xtec.cat\/tilc\/wp-json\/wp\/v2\/comments?post=10973"}],"version-history":[{"count":3,"href":"https:\/\/projectes.xtec.cat\/tilc\/wp-json\/wp\/v2\/posts\/10973\/revisions"}],"predecessor-version":[{"id":10977,"href":"https:\/\/projectes.xtec.cat\/tilc\/wp-json\/wp\/v2\/posts\/10973\/revisions\/10977"}],"wp:featuredmedia":[{"embeddable":true,"href":"https:\/\/projectes.xtec.cat\/tilc\/wp-json\/wp\/v2\/media\/10974"}],"wp:attachment":[{"href":"https:\/\/projectes.xtec.cat\/tilc\/wp-json\/wp\/v2\/media?parent=10973"}],"wp:term":[{"taxonomy":"category","embeddable":true,"href":"https:\/\/projectes.xtec.cat\/tilc\/wp-json\/wp\/v2\/categories?post=10973"},{"taxonomy":"post_tag","embeddable":true,"href":"https:\/\/projectes.xtec.cat\/tilc\/wp-json\/wp\/v2\/tags?post=10973"}],"curies":[{"name":"wp","href":"https:\/\/api.w.org\/{rel}","templated":true}]}}