{"id":11233,"date":"2022-04-26T09:10:10","date_gmt":"2022-04-26T07:10:10","guid":{"rendered":"https:\/\/projectes.xtec.cat\/tilc\/?p=11233"},"modified":"2022-04-26T09:10:42","modified_gmt":"2022-04-26T07:10:42","slug":"mes-enlla-de-lacademia-taula-rodona","status":"publish","type":"post","link":"https:\/\/projectes.xtec.cat\/tilc\/novetats\/mes-enlla-de-lacademia-taula-rodona\/","title":{"rendered":"M\u00e9s enll\u00e0 de l&#8217;Acad\u00e8mia: taula rodona"},"content":{"rendered":"<p>El col\u00b7lectiu <a href=\"https:\/\/projectes.xtec.cat\/tilc\/novetats\/el-projecte-neurones-fregides\/\" target=\"_blank\" rel=\"noopener\">Neurones Fregides<\/a> organitza una taula rodona sobre la penetraci\u00f3 de la ci\u00e8ncia en la societat i de com representa una eina transversal: <em>Disseccionem la ci\u00e8ncia. Cap\u00edtol 4. M\u00e9s enll\u00e0 de l&#8217;Acad\u00e8mia.<\/em><\/p>\n<p>La taula rodona es far\u00e0 el proper divendres 29 d&#8217;abril a les 19h i s&#8217;emetr\u00e0 des del CCCB. Hi intervindran els doctors Pep Vidal, Em\u00edlia Aiello i Oleguer Sagarra i, en diferit, la doctora Clara Prats i la divulgadora cient\u00edfica M\u00edriam Rivera.<\/p>\n<p>Si us interessa, podreu seguir-la en directe a trav\u00e9s dels dos canals de Neurones Fregides:<\/p>\n<ul>\n<li><a href=\"http:\/\/twitch.tv\/neuronesfregides\">twitch.tv\/neuronesfregides<\/a><\/li>\n<li><a href=\"http:\/\/youtube.com\/neuronesfregides\">youtube.com\/neuronesfregides<\/a><\/li>\n<\/ul>\n<p><a href=\"https:\/\/projectes.xtec.cat\/tilc\/wp-content\/uploads\/usu2098\/2021\/12\/Neurones-Fregides-logo.jpg\"><img loading=\"lazy\" decoding=\"async\" class=\"alignnone size-full wp-image-10968\" src=\"https:\/\/projectes.xtec.cat\/tilc\/wp-content\/uploads\/usu2098\/2021\/12\/Neurones-Fregides-logo.jpg\" alt=\"\" width=\"1280\" height=\"720\" srcset=\"https:\/\/projectes.xtec.cat\/tilc\/wp-content\/uploads\/usu2098\/2021\/12\/Neurones-Fregides-logo.jpg 1280w, https:\/\/projectes.xtec.cat\/tilc\/wp-content\/uploads\/usu2098\/2021\/12\/Neurones-Fregides-logo-300x169.jpg 300w, https:\/\/projectes.xtec.cat\/tilc\/wp-content\/uploads\/usu2098\/2021\/12\/Neurones-Fregides-logo-1024x576.jpg 1024w, https:\/\/projectes.xtec.cat\/tilc\/wp-content\/uploads\/usu2098\/2021\/12\/Neurones-Fregides-logo-768x432.jpg 768w\" sizes=\"auto, (max-width: 1280px) 100vw, 1280px\" \/><\/a><\/p>\n","protected":false},"excerpt":{"rendered":"<p>Taula rodona sobre ci\u00e8ncia i societat el 29 d&#8217;abril a les 17h.&hellip;  <a href=\"https:\/\/projectes.xtec.cat\/tilc\/novetats\/mes-enlla-de-lacademia-taula-rodona\/\" title=\"Read M\u00e9s enll\u00e0 de l&#8217;Acad\u00e8mia: taula rodona\">Llegeix m\u00e9s\u00bb<\/a><\/p>\n","protected":false},"author":9,"featured_media":10968,"comment_status":"open","ping_status":"closed","sticky":false,"template":"","format":"standard","meta":{"_bbp_topic_count":0,"_bbp_reply_count":0,"_bbp_total_topic_count":0,"_bbp_total_reply_count":0,"_bbp_voice_count":0,"_bbp_anonymous_reply_count":0,"_bbp_topic_count_hidden":0,"_bbp_reply_count_hidden":0,"_bbp_forum_subforum_count":0,"footnotes":""},"categories":[313],"tags":[441,309,443,442],"class_list":["post-11233","post","type-post","status-publish","format-standard","has-post-thumbnail","hentry","category-novetats","tag-agenda","tag-ambit-cientificotecnologic","tag-mantinc-el-catala","tag-taula-rodona"],"post_mailing_queue_ids":[],"_links":{"self":[{"href":"https:\/\/projectes.xtec.cat\/tilc\/wp-json\/wp\/v2\/posts\/11233","targetHints":{"allow":["GET"]}}],"collection":[{"href":"https:\/\/projectes.xtec.cat\/tilc\/wp-json\/wp\/v2\/posts"}],"about":[{"href":"https:\/\/projectes.xtec.cat\/tilc\/wp-json\/wp\/v2\/types\/post"}],"author":[{"embeddable":true,"href":"https:\/\/projectes.xtec.cat\/tilc\/wp-json\/wp\/v2\/users\/9"}],"replies":[{"embeddable":true,"href":"https:\/\/projectes.xtec.cat\/tilc\/wp-json\/wp\/v2\/comments?post=11233"}],"version-history":[{"count":2,"href":"https:\/\/projectes.xtec.cat\/tilc\/wp-json\/wp\/v2\/posts\/11233\/revisions"}],"predecessor-version":[{"id":11235,"href":"https:\/\/projectes.xtec.cat\/tilc\/wp-json\/wp\/v2\/posts\/11233\/revisions\/11235"}],"wp:featuredmedia":[{"embeddable":true,"href":"https:\/\/projectes.xtec.cat\/tilc\/wp-json\/wp\/v2\/media\/10968"}],"wp:attachment":[{"href":"https:\/\/projectes.xtec.cat\/tilc\/wp-json\/wp\/v2\/media?parent=11233"}],"wp:term":[{"taxonomy":"category","embeddable":true,"href":"https:\/\/projectes.xtec.cat\/tilc\/wp-json\/wp\/v2\/categories?post=11233"},{"taxonomy":"post_tag","embeddable":true,"href":"https:\/\/projectes.xtec.cat\/tilc\/wp-json\/wp\/v2\/tags?post=11233"}],"curies":[{"name":"wp","href":"https:\/\/api.w.org\/{rel}","templated":true}]}}