{"id":11269,"date":"2022-05-09T11:26:46","date_gmt":"2022-05-09T09:26:46","guid":{"rendered":"https:\/\/projectes.xtec.cat\/tilc\/?p=11269"},"modified":"2022-05-09T11:26:46","modified_gmt":"2022-05-09T09:26:46","slug":"concurs-ciencia-oberta-de-divulgacio-cientifica-juvenil-en-catala","status":"publish","type":"post","link":"https:\/\/projectes.xtec.cat\/tilc\/novetats\/concurs-ciencia-oberta-de-divulgacio-cientifica-juvenil-en-catala\/","title":{"rendered":"Concurs Ci\u00e8ncia Oberta de divulgaci\u00f3 cient\u00edfica juvenil en catal\u00e0"},"content":{"rendered":"<p>&#8220;Explica\u2019ns la teva curiositat o el teu concepte cient\u00edfic preferit amb un v\u00eddeo curt de m\u00e0xim 3 minuts!&#8221;<\/p>\n<p>Aquest \u00e9s el lema del concurs que convoca Ci\u00e8ncia Oberta, adre\u00e7at a alumnat de 3r i 4t d&#8217;ESO i de Batxillerat i Cicles Formatius. Es tracta de desenvolupar un concepte o una curiositat de caire cient\u00edfic, mitjan\u00e7ant un v\u00eddeo en catal\u00e0, fet i penjat en una de les plataformes i xarxes socials existents, bo i etiquetat amb #ConcursCi\u00e8nciaOberta i <span class=\"\">@cienciaoberta.<\/span><\/p>\n<p><span style=\"font-family: inherit; font-size: 1em;\">Des d&#8217;aqu\u00ed saludem aquesta iniciativa, que pensem que contribueix a l&#8217;\u00fas cient\u00edfic del catal\u00e0 i que es proposa en un format molt adient per a l&#8217;alumnat de secund\u00e0ria. <\/span><\/p>\n<p><span style=\"font-family: inherit; font-size: 1em;\">Trobareu les bases i la presentaci\u00f3 <a href=\"https:\/\/www.cienciaoberta.cat\/concurs\/\" target=\"_blank\" rel=\"noopener\"><strong>en aquest enlla\u00e7<\/strong><\/a>.<\/span><\/p>\n<p><span style=\"font-family: inherit; font-size: 1em;\">Us animem a participar-hi&#8230; teniu temps fins al 31 de maig!<\/span><\/p>\n<p><a href=\"https:\/\/projectes.xtec.cat\/tilc\/wp-content\/uploads\/usu2098\/2022\/05\/Cartell-maig-2022.png\"><img loading=\"lazy\" decoding=\"async\" class=\"alignnone size-full wp-image-11270\" src=\"https:\/\/projectes.xtec.cat\/tilc\/wp-content\/uploads\/usu2098\/2022\/05\/Cartell-maig-2022.png\" alt=\"Cartell concurs Ci\u00e8ncia Oberta\" width=\"1080\" height=\"1350\" srcset=\"https:\/\/projectes.xtec.cat\/tilc\/wp-content\/uploads\/usu2098\/2022\/05\/Cartell-maig-2022.png 1080w, https:\/\/projectes.xtec.cat\/tilc\/wp-content\/uploads\/usu2098\/2022\/05\/Cartell-maig-2022-240x300.png 240w, https:\/\/projectes.xtec.cat\/tilc\/wp-content\/uploads\/usu2098\/2022\/05\/Cartell-maig-2022-819x1024.png 819w, https:\/\/projectes.xtec.cat\/tilc\/wp-content\/uploads\/usu2098\/2022\/05\/Cartell-maig-2022-768x960.png 768w\" sizes=\"auto, (max-width: 1080px) 100vw, 1080px\" \/><\/a><\/p>\n","protected":false},"excerpt":{"rendered":"<p>Convocat\u00f2ria del concurs de v\u00eddeos cient\u00edfics en catal\u00e0 Ci\u00e8ncia Oberta.&hellip;  <a href=\"https:\/\/projectes.xtec.cat\/tilc\/novetats\/concurs-ciencia-oberta-de-divulgacio-cientifica-juvenil-en-catala\/\" title=\"Read Concurs Ci\u00e8ncia Oberta de divulgaci\u00f3 cient\u00edfica juvenil en catal\u00e0\">Llegeix m\u00e9s\u00bb<\/a><\/p>\n","protected":false},"author":9,"featured_media":11270,"comment_status":"open","ping_status":"closed","sticky":false,"template":"","format":"standard","meta":{"_bbp_topic_count":0,"_bbp_reply_count":0,"_bbp_total_topic_count":0,"_bbp_total_reply_count":0,"_bbp_voice_count":0,"_bbp_anonymous_reply_count":0,"_bbp_topic_count_hidden":0,"_bbp_reply_count_hidden":0,"_bbp_forum_subforum_count":0,"footnotes":""},"categories":[313],"tags":[309,444,405],"class_list":["post-11269","post","type-post","status-publish","format-standard","has-post-thumbnail","hentry","category-novetats","tag-ambit-cientificotecnologic","tag-ciencia-oberta","tag-concursos"],"post_mailing_queue_ids":[],"_links":{"self":[{"href":"https:\/\/projectes.xtec.cat\/tilc\/wp-json\/wp\/v2\/posts\/11269","targetHints":{"allow":["GET"]}}],"collection":[{"href":"https:\/\/projectes.xtec.cat\/tilc\/wp-json\/wp\/v2\/posts"}],"about":[{"href":"https:\/\/projectes.xtec.cat\/tilc\/wp-json\/wp\/v2\/types\/post"}],"author":[{"embeddable":true,"href":"https:\/\/projectes.xtec.cat\/tilc\/wp-json\/wp\/v2\/users\/9"}],"replies":[{"embeddable":true,"href":"https:\/\/projectes.xtec.cat\/tilc\/wp-json\/wp\/v2\/comments?post=11269"}],"version-history":[{"count":1,"href":"https:\/\/projectes.xtec.cat\/tilc\/wp-json\/wp\/v2\/posts\/11269\/revisions"}],"predecessor-version":[{"id":11271,"href":"https:\/\/projectes.xtec.cat\/tilc\/wp-json\/wp\/v2\/posts\/11269\/revisions\/11271"}],"wp:featuredmedia":[{"embeddable":true,"href":"https:\/\/projectes.xtec.cat\/tilc\/wp-json\/wp\/v2\/media\/11270"}],"wp:attachment":[{"href":"https:\/\/projectes.xtec.cat\/tilc\/wp-json\/wp\/v2\/media?parent=11269"}],"wp:term":[{"taxonomy":"category","embeddable":true,"href":"https:\/\/projectes.xtec.cat\/tilc\/wp-json\/wp\/v2\/categories?post=11269"},{"taxonomy":"post_tag","embeddable":true,"href":"https:\/\/projectes.xtec.cat\/tilc\/wp-json\/wp\/v2\/tags?post=11269"}],"curies":[{"name":"wp","href":"https:\/\/api.w.org\/{rel}","templated":true}]}}