{"id":11295,"date":"2022-09-02T09:25:11","date_gmt":"2022-09-02T07:25:11","guid":{"rendered":"https:\/\/projectes.xtec.cat\/tilc\/?p=11295"},"modified":"2022-09-02T09:25:11","modified_gmt":"2022-09-02T07:25:11","slug":"seminari-internacional-sobre-literacitat-multimodal","status":"publish","type":"post","link":"https:\/\/projectes.xtec.cat\/tilc\/novetats\/seminari-internacional-sobre-literacitat-multimodal\/","title":{"rendered":"Seminari internacional sobre literacitat multimodal"},"content":{"rendered":"<p>Els dies 27 i 28 de setembre, la Universidad de Santiago de Chile (USACH) celebrar\u00e0 un videoseminari sobre el tema &#8220;Lectura, escritura y literacidad multimodal para el aprendizaje: nuevos enfoques y experiencias&#8221;. Hi estan implicades les facultats de F\u00edsica i Qu\u00edmica, Humanitats i Educaci\u00f3.<\/p>\n<p>La inscripci\u00f3 \u00e9s gratu\u00efta i tindr\u00e0 traducci\u00f3 simult\u00e0nia. Trobareu m\u00e9s informaci\u00f3 i accedireu a la inscripci\u00f3 seguint <a href=\"https:\/\/www.quimicaybiologia.usach.cl\/actividades\/ii-seminario-internacional-lectura-escritura-y-literacidad-multimodal-para-el\" target=\"_blank\" rel=\"noopener\"><strong>aquest enlla\u00e7<\/strong><\/a>.<\/p>\n<h1 style=\"text-align: center;\"><a href=\"https:\/\/projectes.xtec.cat\/tilc\/wp-content\/uploads\/usu2098\/2022\/09\/seminario3.jpg\"><img loading=\"lazy\" decoding=\"async\" class=\"alignnone size-full wp-image-11296\" src=\"https:\/\/projectes.xtec.cat\/tilc\/wp-content\/uploads\/usu2098\/2022\/09\/seminario3.jpg\" alt=\"Programa seminari USACH\" width=\"400\" height=\"768\" srcset=\"https:\/\/projectes.xtec.cat\/tilc\/wp-content\/uploads\/usu2098\/2022\/09\/seminario3.jpg 400w, https:\/\/projectes.xtec.cat\/tilc\/wp-content\/uploads\/usu2098\/2022\/09\/seminario3-156x300.jpg 156w\" sizes=\"auto, (max-width: 400px) 100vw, 400px\" \/><\/a><\/h1>\n","protected":false},"excerpt":{"rendered":"<p>Convocat\u00f2ria seminari sobre lectura i escriptura multimodal&hellip;  <a href=\"https:\/\/projectes.xtec.cat\/tilc\/novetats\/seminari-internacional-sobre-literacitat-multimodal\/\" title=\"Read Seminari internacional sobre literacitat multimodal\">Llegeix m\u00e9s\u00bb<\/a><\/p>\n","protected":false},"author":9,"featured_media":11296,"comment_status":"open","ping_status":"closed","sticky":false,"template":"","format":"standard","meta":{"_bbp_topic_count":0,"_bbp_reply_count":0,"_bbp_total_topic_count":0,"_bbp_total_reply_count":0,"_bbp_voice_count":0,"_bbp_anonymous_reply_count":0,"_bbp_topic_count_hidden":0,"_bbp_reply_count_hidden":0,"_bbp_forum_subforum_count":0,"footnotes":""},"categories":[313],"tags":[403,332,407,296],"class_list":["post-11295","post","type-post","status-publish","format-standard","has-post-thumbnail","hentry","category-novetats","tag-calendari","tag-escriure","tag-lectura","tag-multimodalitat"],"post_mailing_queue_ids":[],"_links":{"self":[{"href":"https:\/\/projectes.xtec.cat\/tilc\/wp-json\/wp\/v2\/posts\/11295","targetHints":{"allow":["GET"]}}],"collection":[{"href":"https:\/\/projectes.xtec.cat\/tilc\/wp-json\/wp\/v2\/posts"}],"about":[{"href":"https:\/\/projectes.xtec.cat\/tilc\/wp-json\/wp\/v2\/types\/post"}],"author":[{"embeddable":true,"href":"https:\/\/projectes.xtec.cat\/tilc\/wp-json\/wp\/v2\/users\/9"}],"replies":[{"embeddable":true,"href":"https:\/\/projectes.xtec.cat\/tilc\/wp-json\/wp\/v2\/comments?post=11295"}],"version-history":[{"count":1,"href":"https:\/\/projectes.xtec.cat\/tilc\/wp-json\/wp\/v2\/posts\/11295\/revisions"}],"predecessor-version":[{"id":11297,"href":"https:\/\/projectes.xtec.cat\/tilc\/wp-json\/wp\/v2\/posts\/11295\/revisions\/11297"}],"wp:featuredmedia":[{"embeddable":true,"href":"https:\/\/projectes.xtec.cat\/tilc\/wp-json\/wp\/v2\/media\/11296"}],"wp:attachment":[{"href":"https:\/\/projectes.xtec.cat\/tilc\/wp-json\/wp\/v2\/media?parent=11295"}],"wp:term":[{"taxonomy":"category","embeddable":true,"href":"https:\/\/projectes.xtec.cat\/tilc\/wp-json\/wp\/v2\/categories?post=11295"},{"taxonomy":"post_tag","embeddable":true,"href":"https:\/\/projectes.xtec.cat\/tilc\/wp-json\/wp\/v2\/tags?post=11295"}],"curies":[{"name":"wp","href":"https:\/\/api.w.org\/{rel}","templated":true}]}}