{"id":11300,"date":"2022-09-12T16:20:43","date_gmt":"2022-09-12T14:20:43","guid":{"rendered":"https:\/\/projectes.xtec.cat\/tilc\/?p=11300"},"modified":"2022-09-13T13:09:37","modified_gmt":"2022-09-13T11:09:37","slug":"obert-el-termini-per-inscriures-a-les-activitats-de-formacio-2022-23","status":"publish","type":"post","link":"https:\/\/projectes.xtec.cat\/tilc\/novetats\/obert-el-termini-per-inscriures-a-les-activitats-de-formacio-2022-23\/","title":{"rendered":"Obert el termini per inscriure&#8217;s a les activitats de formaci\u00f3 2022-23"},"content":{"rendered":"<p>El termini per realitzar la inscripci\u00f3 a les activitats formatives del 1r torn estar\u00e0 actiu entre el <strong>12 i el 23 de setembre<\/strong> i la consulta de les adjudicacions estar\u00e0 disponible a partir del <strong>7 d\u2019octubre.<\/strong><\/p>\n<p>Les activitats que us oferim estan adre\u00e7ades a centres (a mode de formaci\u00f3 interna) i a professorat, en format presencial o virtual.<\/p>\n<p>Podeu trobar l&#8217;oferta formativa del programa de Tractament Integrat de Llengua i Continguts en el nostre <a href=\"https:\/\/projectes.xtec.cat\/tilc\/wp-content\/uploads\/usu2098\/2021\/03\/Formacio-2022-23_Carta-de-productes-TILC.B-5.pdf\">cat\u00e0leg<\/a>. Podeu accedir al formulari d&#8217;inscripci\u00f3 a trav\u00e9s del <a href=\"https:\/\/xtec.gencat.cat\/ca\/formacio\/info-general\/cercador-activitats\/\">cercador d&#8217;activitats.<\/a><\/p>\n<p><a href=\"https:\/\/projectes.xtec.cat\/tilc\/novetats\/oferta-formativa-tilc-per-al-curs-2020-21\/\" target=\"_blank\" rel=\"noopener\"><img loading=\"lazy\" decoding=\"async\" class=\"aligncenter wp-image-11305 size-large\" src=\"https:\/\/projectes.xtec.cat\/tilc\/wp-content\/uploads\/usu2098\/2022\/09\/Termini-formacio-TILC-22-23-1024x726.png\" alt=\"\" width=\"1024\" height=\"726\" srcset=\"https:\/\/projectes.xtec.cat\/tilc\/wp-content\/uploads\/usu2098\/2022\/09\/Termini-formacio-TILC-22-23-1024x726.png 1024w, https:\/\/projectes.xtec.cat\/tilc\/wp-content\/uploads\/usu2098\/2022\/09\/Termini-formacio-TILC-22-23-300x213.png 300w, https:\/\/projectes.xtec.cat\/tilc\/wp-content\/uploads\/usu2098\/2022\/09\/Termini-formacio-TILC-22-23-768x545.png 768w, https:\/\/projectes.xtec.cat\/tilc\/wp-content\/uploads\/usu2098\/2022\/09\/Termini-formacio-TILC-22-23-1536x1090.png 1536w, https:\/\/projectes.xtec.cat\/tilc\/wp-content\/uploads\/usu2098\/2022\/09\/Termini-formacio-TILC-22-23.png 1748w\" sizes=\"auto, (max-width: 1024px) 100vw, 1024px\" \/><\/a><\/p>\n<p>&nbsp;<\/p>\n<p>&nbsp;<\/p>\n","protected":false},"excerpt":{"rendered":"<p>El termini per realitzar la inscripci\u00f3 a les activitats formatives del 1r torn estar\u00e0 actiu entre el 12 i el 23 de setembre i la consulta de les adjudicacions estar\u00e0 disponible a partir del 7 d\u2019octubre.<br \/>\nLes activitats que us oferim estan adre\u00e7ades a centres (a&hellip;  <a href=\"https:\/\/projectes.xtec.cat\/tilc\/novetats\/obert-el-termini-per-inscriures-a-les-activitats-de-formacio-2022-23\/\" title=\"Read Obert el termini per inscriure&#8217;s a les activitats de formaci\u00f3 2022-23\">Llegeix m\u00e9s\u00bb<\/a><\/p>\n","protected":false},"author":9,"featured_media":11305,"comment_status":"open","ping_status":"closed","sticky":false,"template":"","format":"standard","meta":{"_bbp_topic_count":0,"_bbp_reply_count":0,"_bbp_total_topic_count":0,"_bbp_total_reply_count":0,"_bbp_voice_count":0,"_bbp_anonymous_reply_count":0,"_bbp_topic_count_hidden":0,"_bbp_reply_count_hidden":0,"_bbp_forum_subforum_count":0,"footnotes":""},"categories":[313],"tags":[321],"class_list":["post-11300","post","type-post","status-publish","format-standard","has-post-thumbnail","hentry","category-novetats","tag-formacio"],"post_mailing_queue_ids":[],"_links":{"self":[{"href":"https:\/\/projectes.xtec.cat\/tilc\/wp-json\/wp\/v2\/posts\/11300","targetHints":{"allow":["GET"]}}],"collection":[{"href":"https:\/\/projectes.xtec.cat\/tilc\/wp-json\/wp\/v2\/posts"}],"about":[{"href":"https:\/\/projectes.xtec.cat\/tilc\/wp-json\/wp\/v2\/types\/post"}],"author":[{"embeddable":true,"href":"https:\/\/projectes.xtec.cat\/tilc\/wp-json\/wp\/v2\/users\/9"}],"replies":[{"embeddable":true,"href":"https:\/\/projectes.xtec.cat\/tilc\/wp-json\/wp\/v2\/comments?post=11300"}],"version-history":[{"count":3,"href":"https:\/\/projectes.xtec.cat\/tilc\/wp-json\/wp\/v2\/posts\/11300\/revisions"}],"predecessor-version":[{"id":11304,"href":"https:\/\/projectes.xtec.cat\/tilc\/wp-json\/wp\/v2\/posts\/11300\/revisions\/11304"}],"wp:featuredmedia":[{"embeddable":true,"href":"https:\/\/projectes.xtec.cat\/tilc\/wp-json\/wp\/v2\/media\/11305"}],"wp:attachment":[{"href":"https:\/\/projectes.xtec.cat\/tilc\/wp-json\/wp\/v2\/media?parent=11300"}],"wp:term":[{"taxonomy":"category","embeddable":true,"href":"https:\/\/projectes.xtec.cat\/tilc\/wp-json\/wp\/v2\/categories?post=11300"},{"taxonomy":"post_tag","embeddable":true,"href":"https:\/\/projectes.xtec.cat\/tilc\/wp-json\/wp\/v2\/tags?post=11300"}],"curies":[{"name":"wp","href":"https:\/\/api.w.org\/{rel}","templated":true}]}}