{"id":11309,"date":"2022-09-21T10:01:48","date_gmt":"2022-09-21T08:01:48","guid":{"rendered":"https:\/\/projectes.xtec.cat\/tilc\/?p=11309"},"modified":"2022-09-30T08:38:23","modified_gmt":"2022-09-30T06:38:23","slug":"el-model-frayer-aplicat-a-les-fonts-historiques","status":"publish","type":"post","link":"https:\/\/projectes.xtec.cat\/tilc\/recursos\/el-model-frayer-aplicat-a-les-fonts-historiques\/","title":{"rendered":"El Model Frayer aplicat a les fonts hist\u00f2riques"},"content":{"rendered":"<p>El <a href=\"https:\/\/projectes.xtec.cat\/tilc\/que-ensenyar\/act-ex-que-ensenyar\/el-model-frayer\/\">Model Frayer<\/a> \u00e9s un organitzador gr\u00e0fic que podem aplicar a l&#8217;aula per ajudar l&#8217;alumnat en l&#8217;aprenentatge de vocabulari acad\u00e8mic. El recurs permet que els alumnes defineixin el concepte amb les seves paraules i l&#8217;apliquin, generant exemples i contraexemples, aportant caracter\u00edstiques i\/o dibuixant una imatge que ajudi a comprendre&#8217;n el significat.<\/p>\n<p>La representaci\u00f3 visual es fa en quatre requadres:<\/p>\n<p><a href=\"https:\/\/projectes.xtec.cat\/tilc\/wp-content\/uploads\/usu2098\/2020\/12\/Frayer-1\u00e7.png\"><img loading=\"lazy\" decoding=\"async\" class=\"aligncenter wp-image-9045\" src=\"https:\/\/projectes.xtec.cat\/tilc\/wp-content\/uploads\/usu2098\/2020\/12\/Frayer-1\u00e7-1024x656.png\" alt=\"\" width=\"600\" height=\"385\" srcset=\"https:\/\/projectes.xtec.cat\/tilc\/wp-content\/uploads\/usu2098\/2020\/12\/Frayer-1\u00e7-1024x656.png 1024w, https:\/\/projectes.xtec.cat\/tilc\/wp-content\/uploads\/usu2098\/2020\/12\/Frayer-1\u00e7-300x192.png 300w, https:\/\/projectes.xtec.cat\/tilc\/wp-content\/uploads\/usu2098\/2020\/12\/Frayer-1\u00e7-768x492.png 768w, https:\/\/projectes.xtec.cat\/tilc\/wp-content\/uploads\/usu2098\/2020\/12\/Frayer-1\u00e7.png 1039w\" sizes=\"auto, (max-width: 600px) 100vw, 600px\" \/><\/a><\/p>\n<p>Una adaptaci\u00f3 del Model Frayer al servei de la comprensi\u00f3 de les fonts hist\u00f2riques \u00e9s el que ens presenta Amanda Sandoval a trav\u00e9s del seu <a href=\"https:\/\/linktr.ee\/sandovalhistory\">web<\/a> i del seu perfil a <a href=\"http:\/\/@historysandoval\">Twiter<\/a>.<\/p>\n<p>Podeu consultar la proposta d&#8217;adaptaci\u00f3 en l&#8217;enlla\u00e7 seg\u00fcent: <a href=\"https:\/\/twitter.com\/historysandoval\/status\/1561485120069984257\">Group Frayer Vocab.<\/a><\/p>\n<p><a href=\"https:\/\/projectes.xtec.cat\/tilc\/wp-content\/uploads\/usu2098\/2022\/09\/Diapositiva8.png\"><img loading=\"lazy\" decoding=\"async\" class=\"size-full wp-image-11310 aligncenter\" src=\"https:\/\/projectes.xtec.cat\/tilc\/wp-content\/uploads\/usu2098\/2022\/09\/Diapositiva8.png\" alt=\"\" width=\"960\" height=\"540\" srcset=\"https:\/\/projectes.xtec.cat\/tilc\/wp-content\/uploads\/usu2098\/2022\/09\/Diapositiva8.png 960w, https:\/\/projectes.xtec.cat\/tilc\/wp-content\/uploads\/usu2098\/2022\/09\/Diapositiva8-300x169.png 300w, https:\/\/projectes.xtec.cat\/tilc\/wp-content\/uploads\/usu2098\/2022\/09\/Diapositiva8-768x432.png 768w\" sizes=\"auto, (max-width: 960px) 100vw, 960px\" \/><\/a><\/p>\n<p>Font: Sandoval, Amanda.\u00a0<a href=\"https:\/\/twitter.com\/historysandoval\/status\/1561485120069984257\">https:\/\/twitter.com\/historysandoval\/status\/1561485120069984257<\/a> \/\u00a0<a href=\"https:\/\/linktr.ee\/sandovalhistory\">https:\/\/linktr.ee\/sandovalhistory<\/a><\/p>\n","protected":false},"excerpt":{"rendered":"<p>Aplicaci\u00f3 del model Frayer a la comprensi\u00f3 cr\u00edtica de les fonts hist\u00f2riques, dissenyat per Amanda Sandoval.&hellip;  <a href=\"https:\/\/projectes.xtec.cat\/tilc\/recursos\/el-model-frayer-aplicat-a-les-fonts-historiques\/\" title=\"Read El Model Frayer aplicat a les fonts hist\u00f2riques\">Llegeix m\u00e9s\u00bb<\/a><\/p>\n","protected":false},"author":9,"featured_media":11311,"comment_status":"open","ping_status":"closed","sticky":false,"template":"","format":"standard","meta":{"_bbp_topic_count":0,"_bbp_reply_count":0,"_bbp_total_topic_count":0,"_bbp_total_reply_count":0,"_bbp_voice_count":0,"_bbp_anonymous_reply_count":0,"_bbp_topic_count_hidden":0,"_bbp_reply_count_hidden":0,"_bbp_forum_subforum_count":0,"footnotes":""},"categories":[294,76],"tags":[303,306,304,307],"class_list":["post-11309","post","type-post","status-publish","format-standard","has-post-thumbnail","hentry","category-act-ex-que-ensenyar","category-recursos","tag-bastides-de-suport","tag-ciencies-socials","tag-lectura-critica","tag-vocabulari-academic"],"post_mailing_queue_ids":[],"_links":{"self":[{"href":"https:\/\/projectes.xtec.cat\/tilc\/wp-json\/wp\/v2\/posts\/11309","targetHints":{"allow":["GET"]}}],"collection":[{"href":"https:\/\/projectes.xtec.cat\/tilc\/wp-json\/wp\/v2\/posts"}],"about":[{"href":"https:\/\/projectes.xtec.cat\/tilc\/wp-json\/wp\/v2\/types\/post"}],"author":[{"embeddable":true,"href":"https:\/\/projectes.xtec.cat\/tilc\/wp-json\/wp\/v2\/users\/9"}],"replies":[{"embeddable":true,"href":"https:\/\/projectes.xtec.cat\/tilc\/wp-json\/wp\/v2\/comments?post=11309"}],"version-history":[{"count":3,"href":"https:\/\/projectes.xtec.cat\/tilc\/wp-json\/wp\/v2\/posts\/11309\/revisions"}],"predecessor-version":[{"id":11356,"href":"https:\/\/projectes.xtec.cat\/tilc\/wp-json\/wp\/v2\/posts\/11309\/revisions\/11356"}],"wp:featuredmedia":[{"embeddable":true,"href":"https:\/\/projectes.xtec.cat\/tilc\/wp-json\/wp\/v2\/media\/11311"}],"wp:attachment":[{"href":"https:\/\/projectes.xtec.cat\/tilc\/wp-json\/wp\/v2\/media?parent=11309"}],"wp:term":[{"taxonomy":"category","embeddable":true,"href":"https:\/\/projectes.xtec.cat\/tilc\/wp-json\/wp\/v2\/categories?post=11309"},{"taxonomy":"post_tag","embeddable":true,"href":"https:\/\/projectes.xtec.cat\/tilc\/wp-json\/wp\/v2\/tags?post=11309"}],"curies":[{"name":"wp","href":"https:\/\/api.w.org\/{rel}","templated":true}]}}