{"id":11325,"date":"2022-09-22T19:00:59","date_gmt":"2022-09-22T17:00:59","guid":{"rendered":"https:\/\/projectes.xtec.cat\/tilc\/?p=11325"},"modified":"2022-12-09T17:27:13","modified_gmt":"2022-12-09T16:27:13","slug":"comencen-les-mobilitats-erasmus-del-mc-esam-tilc","status":"publish","type":"post","link":"https:\/\/projectes.xtec.cat\/tilc\/novetats\/comencen-les-mobilitats-erasmus-del-mc-esam-tilc\/","title":{"rendered":"Comencen les mobilitats Erasmus+ del MC ESAM-TILC"},"content":{"rendered":"<p style=\"font-family: 'Helvetica Neue', Helvetica, Helvetica, Arial, sans-serif; font-size: 16px;\"><a href=\"https:\/\/projectes.xtec.cat\/tilc\/wp-content\/uploads\/usu2098\/2022\/09\/Comencen-les-mobilitats-del-MC-ESAM-TILC-e1663912817230.png\"><img loading=\"lazy\" decoding=\"async\" class=\"aligncenter wp-image-11326 size-full\" src=\"https:\/\/projectes.xtec.cat\/tilc\/wp-content\/uploads\/usu2098\/2022\/09\/Comencen-les-mobilitats-del-MC-ESAM-TILC-e1663912817230.png\" alt=\"\" width=\"382\" height=\"200\" srcset=\"https:\/\/projectes.xtec.cat\/tilc\/wp-content\/uploads\/usu2098\/2022\/09\/Comencen-les-mobilitats-del-MC-ESAM-TILC-e1663912817230.png 382w, https:\/\/projectes.xtec.cat\/tilc\/wp-content\/uploads\/usu2098\/2022\/09\/Comencen-les-mobilitats-del-MC-ESAM-TILC-e1663912817230-300x157.png 300w\" sizes=\"auto, (max-width: 382px) 100vw, 382px\" \/><\/a><\/p>\n<p>Des del 25 de setembre i fins a l\u20191 d\u2019octubre, tots els centres del microconsorci ESAM-TILC faran les mobilitats CETE Erasmus+ a diversos centres escolars de diferents punts d\u2019Europa.<\/p>\n<p>Les escoles de 2n i 3r cicle de l\u2019Agrupamento de Escolas Virg\u00ednia Moura (Moreira de C\u00f3negos, Guimaraes, Portugal) acolliran les professores N\u00faria Jarque, de l\u2019Escola Colors de Les Franqueses del Vall\u00e8s, la F\u00e0tima Garc\u00eda, de l\u2019Escola Sant Jordi de l\u2019Ametlla de Mar, i la Mireia Galindo, t\u00e8cnica del Departament d\u2019Educaci\u00f3.<\/p>\n<p>Tamb\u00e9 faran observaci\u00f3 a centres escolars de 1r cicle de l\u2019Agrupamento de Escolas Virg\u00ednia Moura la Montserrat Recasens, de l\u2019Escola Antoni Roig de Torredembarra, la Laura Ruiz, de l\u2019Escola Colors de Les Franqueses del Vall\u00e8s i la Paula Forcadell, de l\u2019escola Sant Jordi de l\u2019Ametlla de Mar.<\/p>\n<p>Al Lic\u00e9e Victor Duruy, de Mont de Marsan (Fran\u00e7a), hi aniran la Marta Ruiz, de l\u2019Escola Ramon Pont de Terrassa, la Cris Molins, de l\u2019INS Jonqueres de Sabadell, i en Juanjo Butr\u00f3n, de l\u2019Institut Escola Coves d\u2019en Cimany de Barcelona.<\/p>\n<p>El centre HBLA Lentia, de Linz (\u00c0ustria) acollir\u00e0 la Dolors Aumatell, de FEDAC Vic, el JuanMa Ortiz, de l\u2019INS Jonqueres de Sabadell, la S\u00edlvia Fontanet, de l\u2019Institut Escola Coves d\u2019en Cimany de Barcelona i la N\u00faria Alba, t\u00e8cnica del Departament d&#8217;Educaci\u00f3.<\/p>\n<p>I faran observaci\u00f3 en el Lic\u00e9e St. Esprit Landivisiau (Bretanya, Fran\u00e7a) la Maria Miguel de FEDAC Vic, la Maria Carneros, de l\u2019Escola Ramon Pont de Terrassa i la Margarita Montmajor, de l\u2019Escola Antoni Roig de Torredembarra.<\/p>\n<p>El microconsorci ESAM-TILC est\u00e0 format per 7 centres educatius, que treballen conjuntament per millorar el coneixement i \u00fas del llenguatge acad\u00e8mic per part de tot l\u2019alumnat i, de manera especial, de l\u2019alumnat d\u2019origen estranger, amb la finalitat de millorar els resultats acad\u00e8mics.<\/p>\n<p>En <a href=\"https:\/\/projectes.xtec.cat\/tilc\/novetats\/erasmus-plus-el-microconsorci-esam-tilc\/\" target=\"_blank\" rel=\"noopener\">aquest article<\/a> del 20 de juny trobareu m\u00e9s informaci\u00f3 sobre els integrants del nostre microconsorci, quins s\u00f3n els nostres objectius i quines l\u00ednies d\u2019observaci\u00f3 tenim.<\/p>\n<p>A la tornada, els participants en les mobilitats compartiran amb la resta del microconsorci els resultats de les observacions i les bones pr\u00e0ctiques que han apr\u00e8s.<\/p>\n<p>&nbsp;<\/p>\n","protected":false},"excerpt":{"rendered":"<p>Informaci\u00f3 sobre l&#8217;inici de les mobilitats de centres TILC que s\u00f3n al programa Erasmus+&hellip;  <a href=\"https:\/\/projectes.xtec.cat\/tilc\/novetats\/comencen-les-mobilitats-erasmus-del-mc-esam-tilc\/\" title=\"Read Comencen les mobilitats Erasmus+ del MC ESAM-TILC\">Llegeix m\u00e9s\u00bb<\/a><\/p>\n","protected":false},"author":9,"featured_media":11326,"comment_status":"open","ping_status":"closed","sticky":false,"template":"","format":"standard","meta":{"_bbp_topic_count":0,"_bbp_reply_count":0,"_bbp_total_topic_count":0,"_bbp_total_reply_count":0,"_bbp_voice_count":0,"_bbp_anonymous_reply_count":0,"_bbp_topic_count_hidden":0,"_bbp_reply_count_hidden":0,"_bbp_forum_subforum_count":0,"footnotes":""},"categories":[445,313],"tags":[446,427,449,428,448],"class_list":["post-11325","post","type-post","status-publish","format-standard","has-post-thumbnail","hentry","category-erasmus","category-novetats","tag-cete","tag-erasmus","tag-europa","tag-mcesamtilc","tag-mobilitats"],"post_mailing_queue_ids":[],"_links":{"self":[{"href":"https:\/\/projectes.xtec.cat\/tilc\/wp-json\/wp\/v2\/posts\/11325","targetHints":{"allow":["GET"]}}],"collection":[{"href":"https:\/\/projectes.xtec.cat\/tilc\/wp-json\/wp\/v2\/posts"}],"about":[{"href":"https:\/\/projectes.xtec.cat\/tilc\/wp-json\/wp\/v2\/types\/post"}],"author":[{"embeddable":true,"href":"https:\/\/projectes.xtec.cat\/tilc\/wp-json\/wp\/v2\/users\/9"}],"replies":[{"embeddable":true,"href":"https:\/\/projectes.xtec.cat\/tilc\/wp-json\/wp\/v2\/comments?post=11325"}],"version-history":[{"count":3,"href":"https:\/\/projectes.xtec.cat\/tilc\/wp-json\/wp\/v2\/posts\/11325\/revisions"}],"predecessor-version":[{"id":11332,"href":"https:\/\/projectes.xtec.cat\/tilc\/wp-json\/wp\/v2\/posts\/11325\/revisions\/11332"}],"wp:featuredmedia":[{"embeddable":true,"href":"https:\/\/projectes.xtec.cat\/tilc\/wp-json\/wp\/v2\/media\/11326"}],"wp:attachment":[{"href":"https:\/\/projectes.xtec.cat\/tilc\/wp-json\/wp\/v2\/media?parent=11325"}],"wp:term":[{"taxonomy":"category","embeddable":true,"href":"https:\/\/projectes.xtec.cat\/tilc\/wp-json\/wp\/v2\/categories?post=11325"},{"taxonomy":"post_tag","embeddable":true,"href":"https:\/\/projectes.xtec.cat\/tilc\/wp-json\/wp\/v2\/tags?post=11325"}],"curies":[{"name":"wp","href":"https:\/\/api.w.org\/{rel}","templated":true}]}}