{"id":11333,"date":"2022-09-23T08:22:57","date_gmt":"2022-09-23T06:22:57","guid":{"rendered":"https:\/\/projectes.xtec.cat\/tilc\/?p=11333"},"modified":"2022-09-23T08:22:57","modified_gmt":"2022-09-23T06:22:57","slug":"atencio-problema-en-les-inscripcions-dels-cursos-tilc","status":"publish","type":"post","link":"https:\/\/projectes.xtec.cat\/tilc\/formacio\/atencio-problema-en-les-inscripcions-dels-cursos-tilc\/","title":{"rendered":"Atenci\u00f3: problema en les inscripcions dels cursos TILC"},"content":{"rendered":"<p style=\"text-align: center;\"><a href=\"https:\/\/projectes.xtec.cat\/tilc\/wp-content\/uploads\/usu2098\/2022\/09\/atencio.png\"><img loading=\"lazy\" decoding=\"async\" class=\"aligncenter size-full wp-image-11334\" src=\"https:\/\/projectes.xtec.cat\/tilc\/wp-content\/uploads\/usu2098\/2022\/09\/atencio.png\" alt=\"Atenci\u00f3\" width=\"239\" height=\"211\" \/><\/a><\/p>\n<p>Hem detectat que els tres cursos telem\u00e0tics TILC havien quedat ocults i ning\u00fa s&#8217;hi podia inscriure. Bo i resolt el problema, les persones interessades ja podeu fer la sol\u00b7licitud.<\/p>\n<p>Els cursos s\u00f3n:<\/p>\n<p>9000590555\u00a0\u00a0\u00a0El tractament integrat de llengua i continguts a les mat\u00e8ries no ling\u00fc\u00edstiques de secund\u00e0ria<\/p>\n<p>9000850555\u00a0\u00a0\u00a0Escriptura per a totes les mat\u00e8ries (secund\u00e0ria)<\/p>\n<p>9000600555\u00a0\u00a0\u00a0Aprenentatge competencial: el treball per tasques a secund\u00e0ria<\/p>\n<p>El termini d&#8217;inscripci\u00f3 s&#8217;acaba aquest diumenge, dia 25 de setembre. Si teniu algun problema per accedir-hi, feu-nos-ho saber al correu <a href=\"mailto:llenguaicontinguts@xtec.cat\" target=\"_blank\" rel=\"noopener\">llenguaicontinguts@xtec.cat<\/a>.<\/p>\n<p>Disculpeu les mol\u00e8sties!<\/p>\n<p>&nbsp;<\/p>\n","protected":false},"excerpt":{"rendered":"<p>Comunicaci\u00f3 d&#8217;un problema en les inscripcions als cursos TILC&hellip;  <a href=\"https:\/\/projectes.xtec.cat\/tilc\/formacio\/atencio-problema-en-les-inscripcions-dels-cursos-tilc\/\" title=\"Read Atenci\u00f3: problema en les inscripcions dels cursos TILC\">Llegeix m\u00e9s\u00bb<\/a><\/p>\n","protected":false},"author":9,"featured_media":11334,"comment_status":"open","ping_status":"closed","sticky":false,"template":"","format":"standard","meta":{"_bbp_topic_count":0,"_bbp_reply_count":0,"_bbp_total_topic_count":0,"_bbp_total_reply_count":0,"_bbp_voice_count":0,"_bbp_anonymous_reply_count":0,"_bbp_topic_count_hidden":0,"_bbp_reply_count_hidden":0,"_bbp_forum_subforum_count":0,"footnotes":""},"categories":[154,313],"tags":[321],"class_list":["post-11333","post","type-post","status-publish","format-standard","has-post-thumbnail","hentry","category-formacio","category-novetats","tag-formacio"],"post_mailing_queue_ids":[],"_links":{"self":[{"href":"https:\/\/projectes.xtec.cat\/tilc\/wp-json\/wp\/v2\/posts\/11333","targetHints":{"allow":["GET"]}}],"collection":[{"href":"https:\/\/projectes.xtec.cat\/tilc\/wp-json\/wp\/v2\/posts"}],"about":[{"href":"https:\/\/projectes.xtec.cat\/tilc\/wp-json\/wp\/v2\/types\/post"}],"author":[{"embeddable":true,"href":"https:\/\/projectes.xtec.cat\/tilc\/wp-json\/wp\/v2\/users\/9"}],"replies":[{"embeddable":true,"href":"https:\/\/projectes.xtec.cat\/tilc\/wp-json\/wp\/v2\/comments?post=11333"}],"version-history":[{"count":1,"href":"https:\/\/projectes.xtec.cat\/tilc\/wp-json\/wp\/v2\/posts\/11333\/revisions"}],"predecessor-version":[{"id":11335,"href":"https:\/\/projectes.xtec.cat\/tilc\/wp-json\/wp\/v2\/posts\/11333\/revisions\/11335"}],"wp:featuredmedia":[{"embeddable":true,"href":"https:\/\/projectes.xtec.cat\/tilc\/wp-json\/wp\/v2\/media\/11334"}],"wp:attachment":[{"href":"https:\/\/projectes.xtec.cat\/tilc\/wp-json\/wp\/v2\/media?parent=11333"}],"wp:term":[{"taxonomy":"category","embeddable":true,"href":"https:\/\/projectes.xtec.cat\/tilc\/wp-json\/wp\/v2\/categories?post=11333"},{"taxonomy":"post_tag","embeddable":true,"href":"https:\/\/projectes.xtec.cat\/tilc\/wp-json\/wp\/v2\/tags?post=11333"}],"curies":[{"name":"wp","href":"https:\/\/api.w.org\/{rel}","templated":true}]}}