{"id":11339,"date":"2022-09-28T18:29:48","date_gmt":"2022-09-28T16:29:48","guid":{"rendered":"https:\/\/projectes.xtec.cat\/tilc\/?p=11339"},"modified":"2022-09-28T18:29:48","modified_gmt":"2022-09-28T16:29:48","slug":"ii-seminari-internacional-lectura-escritura-y-literacidad-multimodal-para-el-aprendizaje-nuevos-enfoques-y-experiencias","status":"publish","type":"post","link":"https:\/\/projectes.xtec.cat\/tilc\/general\/ii-seminari-internacional-lectura-escritura-y-literacidad-multimodal-para-el-aprendizaje-nuevos-enfoques-y-experiencias\/","title":{"rendered":"II Seminari Internacional &#8220;Lectura, escritura y literacidad multimodal para el aprendizaje: nuevos enfoques y experiencias&#8221;"},"content":{"rendered":"<p>Els dies 27 i 28 de setembre s&#8217;ha celebrat el II Seminario Internacional &#8220;Lectura, escritura y literacidad multimodal para el aprendizaje: nuevos enfoques y experiencias&#8221;, organitzat per la Universitat de Santiago de Xile.<\/p>\n<p>Al llarg dels dos dies s&#8217;han presentat pon\u00e8ncies molt interessants al voltant de l&#8217;aprenentatge de la compet\u00e8ncia comunicativa en les mat\u00e8ries del curr\u00edculum, per\u00f2, de manera especial, en les de l&#8217;\u00e0mbit cient\u00edfic i matem\u00e0tic. Tamb\u00e9 s&#8217;han abordat aspectes relacionats amb la formaci\u00f3 docent.<\/p>\n<p>Us deixem enlla\u00e7ats els seminaris web. Segur que trobareu informaci\u00f3 molt interessant:<\/p>\n<p>Dia 27 de setembre: <a href=\"https:\/\/www.youtube.com\/watch?v=aej38X-x0PY\" target=\"_blank\" rel=\"noopener\" data-saferedirecturl=\"https:\/\/www.google.com\/url?q=https:\/\/www.youtube.com\/watch?v%3Daej38X-x0PY&amp;source=gmail&amp;ust=1664441749986000&amp;usg=AOvVaw2ox8ZmVBhIG5ibdk2o_3JP\">https:\/\/www.youtube.com\/watch?<wbr \/>v=aej38X-x0PY<\/a><\/p>\n<ul>\n<li>Pon\u00e8ncia: &#8220;Infographic explications in Hight School Science: Constructions meaning through image-Language interaction&#8221;. Keynote: Dr. Len Unsworth. Institute for Learning Sciences and Teacher Education. Australian Catholic University.<\/li>\n<li><span style=\"font-family: inherit; font-size: 1em;\">Pon\u00e8ncia: \u201cComprensi\u00f3n lectora y ense\u00f1anza de las ciencias. An\u00e1lisis y reflexiones desde el pensamiento y pr\u00e1ctica de los profesores\u201d. Ponente: Dr. Sa\u00fal Contreras Facultad de Humanidades. Universidad de Santiago de Chile. Aquest potser no aporta massa estrat\u00e8gies, per\u00f2 confirma que es llegeix poc o no es gestiona la lectura adequadament.\u00a0\u00a0<\/span><\/li>\n<li>Pon\u00e8ncia: \u201cAprender ciencias desde la lectura y escritura multimodal. Experiencia de aprendizaje en contextos de alta vulnerabilidad\u201d. Ponente: Profesora Patricia Ram\u00edrez. Colegio Cristian and Caren School. Comuna Cerro Navia, Santiago, Chile. <strong>Us recomanem que el visualitzeu.<\/strong><\/li>\n<\/ul>\n<div>\n<p>Dia 28 de setembre: <a href=\"https:\/\/www.youtube.com\/watch?v=ipgfgQgV0Z4\">https:\/\/www.youtube.com\/watch?v=ipgfgQgV0Z4<\/a><\/p>\n<ul>\n<li>Confer\u00e8ncia: &#8220;Desaf\u00edos y oportunidades del lenguaje de las ciencias. Hacia pedagog\u00edas que ampl\u00edan la voz&#8221;. Ponente: Dra. Paola Ucelli. Harvard Graduate School of Education.<\/li>\n<li>Pon\u00e8ncia: \u201cEscritura acad\u00e9mica en la formaci\u00f3n de los futuros profesores de carreras cient\u00edficas: creencias, obst\u00e1culos y oprtunidades\u201d. Ponentes: Dras. Sandra Rojas y Catherine Flores. Facultad de Humanidades y Facultad de Qu\u00edmica y Biolog\u00eda. Universidad de Santiago de Chile.<\/li>\n<li>Pon\u00e8ncia: \u201cLa tutor\u00eda del centro de escritura en la formaci\u00f3n inicial docente: Interacciones dial\u00f3gicas para pensar, escribir, aprender y reflexionar. Ponente: Dra. Constanza Errazuriz. Pontificia Universidad Cat\u00f3lica de Chile. Sede Villarica. Chile.<\/li>\n<li>Pon\u00e8ncia: &#8220;\u00bfC\u00f3mo y por qu\u00e9 ense\u00f1ar escritura para el aprendizaje?&#8221;. Ponente: Federico Navarro. Escuela de Educaci\u00f3n. Universidad de O\u2019Higgins. Chile.<\/li>\n<\/ul>\n<\/div>\n<p><a href=\"https:\/\/projectes.xtec.cat\/tilc\/wp-content\/uploads\/usu2098\/2022\/09\/Universidad-de-Santiago-de-Chile.png\"><img loading=\"lazy\" decoding=\"async\" class=\"aligncenter size-full wp-image-11345\" src=\"https:\/\/projectes.xtec.cat\/tilc\/wp-content\/uploads\/usu2098\/2022\/09\/Universidad-de-Santiago-de-Chile.png\" alt=\"\" width=\"723\" height=\"135\" srcset=\"https:\/\/projectes.xtec.cat\/tilc\/wp-content\/uploads\/usu2098\/2022\/09\/Universidad-de-Santiago-de-Chile.png 723w, https:\/\/projectes.xtec.cat\/tilc\/wp-content\/uploads\/usu2098\/2022\/09\/Universidad-de-Santiago-de-Chile-300x56.png 300w\" sizes=\"auto, (max-width: 723px) 100vw, 723px\" \/><\/a><\/p>\n","protected":false},"excerpt":{"rendered":"<p>Els dies 27 i 28 de setembre s&#8217;ha celebrat el II Seminario Internacional &#8220;Lectura, escritura y literacidad multimodal para el aprendizaje: nuevos enfoques y experiencias&#8221;, organitzat per la Universitat de Santiago de Xile.<br \/>\nAl llarg dels dos dies s&#8217;han presentat pon\u00e8ncies molt interessants al voltant de&hellip;  <a href=\"https:\/\/projectes.xtec.cat\/tilc\/general\/ii-seminari-internacional-lectura-escritura-y-literacidad-multimodal-para-el-aprendizaje-nuevos-enfoques-y-experiencias\/\" title=\"Read II Seminari Internacional &#8220;Lectura, escritura y literacidad multimodal para el aprendizaje: nuevos enfoques y experiencias&#8221;\">Llegeix m\u00e9s\u00bb<\/a><\/p>\n","protected":false},"author":9,"featured_media":11346,"comment_status":"open","ping_status":"closed","sticky":false,"template":"","format":"standard","meta":{"_bbp_topic_count":0,"_bbp_reply_count":0,"_bbp_total_topic_count":0,"_bbp_total_reply_count":0,"_bbp_voice_count":0,"_bbp_anonymous_reply_count":0,"_bbp_topic_count_hidden":0,"_bbp_reply_count_hidden":0,"_bbp_forum_subforum_count":0,"footnotes":""},"categories":[1,313],"tags":[309,369,329,296,320],"class_list":["post-11339","post","type-post","status-publish","format-standard","has-post-thumbnail","hentry","category-general","category-novetats","tag-ambit-cientificotecnologic","tag-conferencies","tag-habilitats-comunicatives","tag-multimodalitat","tag-tilc"],"post_mailing_queue_ids":[],"_links":{"self":[{"href":"https:\/\/projectes.xtec.cat\/tilc\/wp-json\/wp\/v2\/posts\/11339","targetHints":{"allow":["GET"]}}],"collection":[{"href":"https:\/\/projectes.xtec.cat\/tilc\/wp-json\/wp\/v2\/posts"}],"about":[{"href":"https:\/\/projectes.xtec.cat\/tilc\/wp-json\/wp\/v2\/types\/post"}],"author":[{"embeddable":true,"href":"https:\/\/projectes.xtec.cat\/tilc\/wp-json\/wp\/v2\/users\/9"}],"replies":[{"embeddable":true,"href":"https:\/\/projectes.xtec.cat\/tilc\/wp-json\/wp\/v2\/comments?post=11339"}],"version-history":[{"count":3,"href":"https:\/\/projectes.xtec.cat\/tilc\/wp-json\/wp\/v2\/posts\/11339\/revisions"}],"predecessor-version":[{"id":11354,"href":"https:\/\/projectes.xtec.cat\/tilc\/wp-json\/wp\/v2\/posts\/11339\/revisions\/11354"}],"wp:featuredmedia":[{"embeddable":true,"href":"https:\/\/projectes.xtec.cat\/tilc\/wp-json\/wp\/v2\/media\/11346"}],"wp:attachment":[{"href":"https:\/\/projectes.xtec.cat\/tilc\/wp-json\/wp\/v2\/media?parent=11339"}],"wp:term":[{"taxonomy":"category","embeddable":true,"href":"https:\/\/projectes.xtec.cat\/tilc\/wp-json\/wp\/v2\/categories?post=11339"},{"taxonomy":"post_tag","embeddable":true,"href":"https:\/\/projectes.xtec.cat\/tilc\/wp-json\/wp\/v2\/tags?post=11339"}],"curies":[{"name":"wp","href":"https:\/\/api.w.org\/{rel}","templated":true}]}}