{"id":11368,"date":"2022-09-30T23:01:32","date_gmt":"2022-09-30T21:01:32","guid":{"rendered":"https:\/\/projectes.xtec.cat\/tilc\/?p=11368"},"modified":"2022-12-09T17:30:17","modified_gmt":"2022-12-09T16:30:17","slug":"erasmus-esam-tilc-final-de-lestada-a-linz","status":"publish","type":"post","link":"https:\/\/projectes.xtec.cat\/tilc\/novetats\/erasmus-esam-tilc-final-de-lestada-a-linz\/","title":{"rendered":"Erasmus+ ESAM-TILC: final de l&#8217;estada a Linz"},"content":{"rendered":"<p>Despr\u00e9s d&#8217;uns dies molt intensos, la Dolors Aumatell (FEDAC-Vic), la S\u00edlvia Fontanet (IE Coves d&#8217;en Cimany), en Juanma Ortiz (INS Jonqueres) i la N\u00faria Alba (t\u00e8cnica del Departament), tornen a Catalunya. Han pogut observar centres molt diferents els uns dels altres i detectar semblances i difer\u00e8ncies entre el nostre sistema i l&#8217;austr\u00edac, especialment en la forma d&#8217;ensenyar el llenguatge acad\u00e8mic de les mat\u00e8ries (que era el focus de les observacions).<\/p>\n<p>Tenim el convenciment que aquesta experi\u00e8ncia aportar\u00e0 un enriquiment notable als seus centres i a tot el microconsorci ESAM-TILC.<\/p>\n<p><a href=\"https:\/\/projectes.xtec.cat\/tilc\/wp-content\/uploads\/usu2098\/2022\/09\/IMG20220928085512-scaled.jpg\"><img loading=\"lazy\" decoding=\"async\" class=\"aligncenter wp-image-11371 size-large\" src=\"https:\/\/projectes.xtec.cat\/tilc\/wp-content\/uploads\/usu2098\/2022\/09\/IMG20220928085512-1024x461.jpg\" alt=\"\" width=\"1024\" height=\"461\" srcset=\"https:\/\/projectes.xtec.cat\/tilc\/wp-content\/uploads\/usu2098\/2022\/09\/IMG20220928085512-1024x461.jpg 1024w, https:\/\/projectes.xtec.cat\/tilc\/wp-content\/uploads\/usu2098\/2022\/09\/IMG20220928085512-300x135.jpg 300w, https:\/\/projectes.xtec.cat\/tilc\/wp-content\/uploads\/usu2098\/2022\/09\/IMG20220928085512-768x346.jpg 768w, https:\/\/projectes.xtec.cat\/tilc\/wp-content\/uploads\/usu2098\/2022\/09\/IMG20220928085512-1536x691.jpg 1536w, https:\/\/projectes.xtec.cat\/tilc\/wp-content\/uploads\/usu2098\/2022\/09\/IMG20220928085512-2048x922.jpg 2048w\" sizes=\"auto, (max-width: 1024px) 100vw, 1024px\" \/><\/a><\/p>\n<p>&nbsp;<\/p>\n","protected":false},"excerpt":{"rendered":"<p>Cr\u00f2nica dels \u00faltims dies d&#8217;estada a Linz per part del grup dels programes ESAM i TILC.&hellip;  <a href=\"https:\/\/projectes.xtec.cat\/tilc\/novetats\/erasmus-esam-tilc-final-de-lestada-a-linz\/\" title=\"Read Erasmus+ ESAM-TILC: final de l&#8217;estada a Linz\">Llegeix m\u00e9s\u00bb<\/a><\/p>\n","protected":false},"author":9,"featured_media":11371,"comment_status":"open","ping_status":"closed","sticky":false,"template":"","format":"standard","meta":{"_bbp_topic_count":0,"_bbp_reply_count":0,"_bbp_total_topic_count":0,"_bbp_total_reply_count":0,"_bbp_voice_count":0,"_bbp_anonymous_reply_count":0,"_bbp_topic_count_hidden":0,"_bbp_reply_count_hidden":0,"_bbp_forum_subforum_count":0,"footnotes":""},"categories":[445,313],"tags":[459,365,427,428,448],"class_list":["post-11368","post","type-post","status-publish","format-standard","has-post-thumbnail","hentry","category-erasmus","category-novetats","tag-educacio-professional","tag-educacio-secundaria","tag-erasmus","tag-mcesamtilc","tag-mobilitats"],"post_mailing_queue_ids":[],"_links":{"self":[{"href":"https:\/\/projectes.xtec.cat\/tilc\/wp-json\/wp\/v2\/posts\/11368","targetHints":{"allow":["GET"]}}],"collection":[{"href":"https:\/\/projectes.xtec.cat\/tilc\/wp-json\/wp\/v2\/posts"}],"about":[{"href":"https:\/\/projectes.xtec.cat\/tilc\/wp-json\/wp\/v2\/types\/post"}],"author":[{"embeddable":true,"href":"https:\/\/projectes.xtec.cat\/tilc\/wp-json\/wp\/v2\/users\/9"}],"replies":[{"embeddable":true,"href":"https:\/\/projectes.xtec.cat\/tilc\/wp-json\/wp\/v2\/comments?post=11368"}],"version-history":[{"count":2,"href":"https:\/\/projectes.xtec.cat\/tilc\/wp-json\/wp\/v2\/posts\/11368\/revisions"}],"predecessor-version":[{"id":11372,"href":"https:\/\/projectes.xtec.cat\/tilc\/wp-json\/wp\/v2\/posts\/11368\/revisions\/11372"}],"wp:featuredmedia":[{"embeddable":true,"href":"https:\/\/projectes.xtec.cat\/tilc\/wp-json\/wp\/v2\/media\/11371"}],"wp:attachment":[{"href":"https:\/\/projectes.xtec.cat\/tilc\/wp-json\/wp\/v2\/media?parent=11368"}],"wp:term":[{"taxonomy":"category","embeddable":true,"href":"https:\/\/projectes.xtec.cat\/tilc\/wp-json\/wp\/v2\/categories?post=11368"},{"taxonomy":"post_tag","embeddable":true,"href":"https:\/\/projectes.xtec.cat\/tilc\/wp-json\/wp\/v2\/tags?post=11368"}],"curies":[{"name":"wp","href":"https:\/\/api.w.org\/{rel}","templated":true}]}}