{"id":11387,"date":"2022-10-18T13:48:17","date_gmt":"2022-10-18T11:48:17","guid":{"rendered":"https:\/\/projectes.xtec.cat\/tilc\/?p=11387"},"modified":"2022-10-18T13:48:59","modified_gmt":"2022-10-18T11:48:59","slug":"article-sobre-oralitat-de-jordi-domenech-casal-situar-nos-en-converses-per-pensar-de-manera-diferent","status":"publish","type":"post","link":"https:\/\/projectes.xtec.cat\/tilc\/recursos\/article-sobre-oralitat-de-jordi-domenech-casal-situar-nos-en-converses-per-pensar-de-manera-diferent\/","title":{"rendered":"Article sobre oralitat de Jordi Dom\u00e8nech-Casal: situar-nos en converses per pensar de manera diferent"},"content":{"rendered":"<p>Dins del <a href=\"https:\/\/xtec.gencat.cat\/ca\/projectes\/llengua-oral\/tenim-la-paraula\/\" target=\"_blank\" rel=\"noopener\"><strong>programa Tenim la Paraula<\/strong><\/a>, que t\u00e9 com a objectiu millorar la compet\u00e8ncia de l&#8217;alumnat en l&#8217;\u00fas de la llengua oral, un apartat molt important als \u00e0mbits no ling\u00fc\u00edstics \u00e9s &#8220;Parlar i escoltar per aprendre a les \u00e0rees i mat\u00e8ries&#8221;, \u00e9s a dir, quin paper t\u00e9 la llengua oral en l&#8217;aprenentatge i com hem d&#8217;abordar, en les classes que no s\u00f3n de llengua, les activitats on interv\u00e9 l&#8217;oralitat.<\/p>\n<p>Us recomanem que feu una mirada a aquest subapartat del <a href=\"https:\/\/xtec.gencat.cat\/ca\/projectes\/llengua-oral\/tenim-la-paraula\/marc-conceptual\/marc-teoric\/\" target=\"_blank\" rel=\"noopener\"><strong>marc te\u00f2ric del programa<\/strong><\/a>, on trobareu articles molt interessants, dels quals destaquem, per la seva orientaci\u00f3 espec\u00edfica cap a secund\u00e0ria, el d&#8217;en Jordi Dom\u00e8nech-Casal: <a href=\"https:\/\/repositori.educacio.gencat.cat\/handle\/20.500.12694\/2877\" target=\"_blank\" rel=\"noopener\"><strong>Situar-nos en converses per pensar de manera diferent<\/strong><\/a>, que podeu consultar clicant sobre el t\u00edtol.<\/p>\n<p>Esperem que tots els articles de l&#8217;apartat i, en especial, aquest darrer, us siguin \u00fatils per gestionar l&#8217;oralitat a les vostres aules.<\/p>\n<p><a href=\"https:\/\/projectes.xtec.cat\/tilc\/wp-content\/uploads\/usu2098\/2022\/10\/captura-article-jd.png\"><img loading=\"lazy\" decoding=\"async\" class=\"aligncenter size-medium wp-image-11388\" src=\"https:\/\/projectes.xtec.cat\/tilc\/wp-content\/uploads\/usu2098\/2022\/10\/captura-article-jd-213x300.png\" alt=\"Captura article \" width=\"213\" height=\"300\" srcset=\"https:\/\/projectes.xtec.cat\/tilc\/wp-content\/uploads\/usu2098\/2022\/10\/captura-article-jd-213x300.png 213w, https:\/\/projectes.xtec.cat\/tilc\/wp-content\/uploads\/usu2098\/2022\/10\/captura-article-jd.png 592w\" sizes=\"auto, (max-width: 213px) 100vw, 213px\" \/><\/a><\/p>\n<p>&nbsp;<\/p>\n","protected":false},"excerpt":{"rendered":"<p>Presentaci\u00f3 de l&#8217;article de J.Dom\u00e8nech-Casal, que forma part del marc te\u00f2ric del programa Tenim la Paraula&hellip;  <a href=\"https:\/\/projectes.xtec.cat\/tilc\/recursos\/article-sobre-oralitat-de-jordi-domenech-casal-situar-nos-en-converses-per-pensar-de-manera-diferent\/\" title=\"Read Article sobre oralitat de Jordi Dom\u00e8nech-Casal: situar-nos en converses per pensar de manera diferent\">Llegeix m\u00e9s\u00bb<\/a><\/p>\n","protected":false},"author":9,"featured_media":11388,"comment_status":"open","ping_status":"closed","sticky":false,"template":"","format":"standard","meta":{"_bbp_topic_count":0,"_bbp_reply_count":0,"_bbp_total_topic_count":0,"_bbp_total_reply_count":0,"_bbp_voice_count":0,"_bbp_anonymous_reply_count":0,"_bbp_topic_count_hidden":0,"_bbp_reply_count_hidden":0,"_bbp_forum_subforum_count":0,"footnotes":""},"categories":[76],"tags":[368,343,452],"class_list":["post-11387","post","type-post","status-publish","format-standard","has-post-thumbnail","hentry","category-recursos","tag-jordi-domenech-casal","tag-oralitat","tag-tenim-la-paraula"],"post_mailing_queue_ids":[],"_links":{"self":[{"href":"https:\/\/projectes.xtec.cat\/tilc\/wp-json\/wp\/v2\/posts\/11387","targetHints":{"allow":["GET"]}}],"collection":[{"href":"https:\/\/projectes.xtec.cat\/tilc\/wp-json\/wp\/v2\/posts"}],"about":[{"href":"https:\/\/projectes.xtec.cat\/tilc\/wp-json\/wp\/v2\/types\/post"}],"author":[{"embeddable":true,"href":"https:\/\/projectes.xtec.cat\/tilc\/wp-json\/wp\/v2\/users\/9"}],"replies":[{"embeddable":true,"href":"https:\/\/projectes.xtec.cat\/tilc\/wp-json\/wp\/v2\/comments?post=11387"}],"version-history":[{"count":2,"href":"https:\/\/projectes.xtec.cat\/tilc\/wp-json\/wp\/v2\/posts\/11387\/revisions"}],"predecessor-version":[{"id":11390,"href":"https:\/\/projectes.xtec.cat\/tilc\/wp-json\/wp\/v2\/posts\/11387\/revisions\/11390"}],"wp:featuredmedia":[{"embeddable":true,"href":"https:\/\/projectes.xtec.cat\/tilc\/wp-json\/wp\/v2\/media\/11388"}],"wp:attachment":[{"href":"https:\/\/projectes.xtec.cat\/tilc\/wp-json\/wp\/v2\/media?parent=11387"}],"wp:term":[{"taxonomy":"category","embeddable":true,"href":"https:\/\/projectes.xtec.cat\/tilc\/wp-json\/wp\/v2\/categories?post=11387"},{"taxonomy":"post_tag","embeddable":true,"href":"https:\/\/projectes.xtec.cat\/tilc\/wp-json\/wp\/v2\/tags?post=11387"}],"curies":[{"name":"wp","href":"https:\/\/api.w.org\/{rel}","templated":true}]}}