{"id":11401,"date":"2022-10-25T14:32:05","date_gmt":"2022-10-25T12:32:05","guid":{"rendered":"https:\/\/projectes.xtec.cat\/tilc\/?p=11401"},"modified":"2022-10-25T14:32:05","modified_gmt":"2022-10-25T12:32:05","slug":"concurs-de-relats-curts-men-contes-un-de-ciencia","status":"publish","type":"post","link":"https:\/\/projectes.xtec.cat\/tilc\/novetats\/concurs-de-relats-curts-men-contes-un-de-ciencia\/","title":{"rendered":"Concurs de relats curts: Me&#8217;n contes un de ci\u00e8ncia?"},"content":{"rendered":"<p>Un any m\u00e9s i emmarcat en la 27a Setmana de la Ci\u00e8ncia, l&#8217;ICE de la Universitat de Lleida convoca el concurs de relats curts Me&#8217;n contes un de ci\u00e8ncia?, al qual es pot participar en catal\u00e0, aran\u00e8s o castell\u00e0.<\/p>\n<p>Hi ha dues modalitats: cicle superior de prim\u00e0ria i tercer-quart d&#8217;ESO. <strong><a href=\"https:\/\/www.ice.udl.cat\/export\/sites\/Ice\/ca\/.galleries\/Documents\/Bases-Concurs-de-Relats-Setmana-Ciencia_2022-Acord-CG-279-2022.pdf\" target=\"_blank\" rel=\"noopener\">Podeu consultar les bases en aquest enlla\u00e7<\/a><\/strong> i teniu temps per enviar els relats (<a href=\"https:\/\/docs.google.com\/forms\/d\/e\/1FAIpQLScKoqTiymlagxvlrK34GwahjTwQyrM8I4nppDxsz9FS89Nakw\/viewform\" target=\"_blank\" rel=\"noopener\"><strong>adjunts a aquest formulari)<\/strong><\/a> fins al dilluns 12 de desembre.<\/p>\n<p>Les tem\u00e0tiques d&#8217;aquest any tenen format de trinomi, perqu\u00e8 cal incorporar tres termes emmarcats en un tema:<\/p>\n<ul>\n<li>Trinomi fant\u00e0stic sobre la innovaci\u00f3 i el coneixement local. Es proposen tres mots:<br \/>\nCI\u00c8NCIA B\u00c0SICA \u2013 NECESSITAT \u2013 CONEIXEMENT.<\/li>\n<li>Trinomi fant\u00e0stic sobre el desenvolupament sostenible. Es proposen els termes INVESTIGACI\u00d3 \u2013 ECOLOGIA \u2013 LUISA F. CABEZA FABRA<\/li>\n<\/ul>\n<p>Us animem a participar-hi amb els escrits del vostre alumnat!<\/p>\n<p>Si voleu m\u00e9s informaci\u00f3 sobre el concurs i sobre la Setmana de la Ci\u00e8ncia o descarregar-vos el cartell del concurs, seguiu <a href=\"https:\/\/www.ice.udl.cat\/ca\/activitats\/tallers\/#sections-tab-1\" target=\"_blank\" rel=\"noopener\"><strong>aquest enlla\u00e7.<\/strong><\/a><\/p>\n<p><a href=\"https:\/\/projectes.xtec.cat\/tilc\/wp-content\/uploads\/usu2098\/2022\/10\/Concurs-relats-breus.png\"><img loading=\"lazy\" decoding=\"async\" class=\"aligncenter size-medium wp-image-11403\" src=\"https:\/\/projectes.xtec.cat\/tilc\/wp-content\/uploads\/usu2098\/2022\/10\/Concurs-relats-breus-213x300.png\" alt=\"Cartell concurs\" width=\"213\" height=\"300\" srcset=\"https:\/\/projectes.xtec.cat\/tilc\/wp-content\/uploads\/usu2098\/2022\/10\/Concurs-relats-breus-213x300.png 213w, https:\/\/projectes.xtec.cat\/tilc\/wp-content\/uploads\/usu2098\/2022\/10\/Concurs-relats-breus.png 588w\" sizes=\"auto, (max-width: 213px) 100vw, 213px\" \/><\/a><\/p>\n","protected":false},"excerpt":{"rendered":"<p>Difusi\u00f3 del IX Concurs de Relats Curts &#8220;Me&#8217;n contes un de ci\u00e8ncia?&#8221;&hellip;  <a href=\"https:\/\/projectes.xtec.cat\/tilc\/novetats\/concurs-de-relats-curts-men-contes-un-de-ciencia\/\" title=\"Read Concurs de relats curts: Me&#8217;n contes un de ci\u00e8ncia?\">Llegeix m\u00e9s\u00bb<\/a><\/p>\n","protected":false},"author":9,"featured_media":11403,"comment_status":"open","ping_status":"closed","sticky":false,"template":"","format":"standard","meta":{"_bbp_topic_count":0,"_bbp_reply_count":0,"_bbp_total_topic_count":0,"_bbp_total_reply_count":0,"_bbp_voice_count":0,"_bbp_anonymous_reply_count":0,"_bbp_topic_count_hidden":0,"_bbp_reply_count_hidden":0,"_bbp_forum_subforum_count":0,"footnotes":""},"categories":[313],"tags":[405,332,453],"class_list":["post-11401","post","type-post","status-publish","format-standard","has-post-thumbnail","hentry","category-novetats","tag-concursos","tag-escriure","tag-setmana-de-la-ciencia"],"post_mailing_queue_ids":[],"_links":{"self":[{"href":"https:\/\/projectes.xtec.cat\/tilc\/wp-json\/wp\/v2\/posts\/11401","targetHints":{"allow":["GET"]}}],"collection":[{"href":"https:\/\/projectes.xtec.cat\/tilc\/wp-json\/wp\/v2\/posts"}],"about":[{"href":"https:\/\/projectes.xtec.cat\/tilc\/wp-json\/wp\/v2\/types\/post"}],"author":[{"embeddable":true,"href":"https:\/\/projectes.xtec.cat\/tilc\/wp-json\/wp\/v2\/users\/9"}],"replies":[{"embeddable":true,"href":"https:\/\/projectes.xtec.cat\/tilc\/wp-json\/wp\/v2\/comments?post=11401"}],"version-history":[{"count":1,"href":"https:\/\/projectes.xtec.cat\/tilc\/wp-json\/wp\/v2\/posts\/11401\/revisions"}],"predecessor-version":[{"id":11404,"href":"https:\/\/projectes.xtec.cat\/tilc\/wp-json\/wp\/v2\/posts\/11401\/revisions\/11404"}],"wp:featuredmedia":[{"embeddable":true,"href":"https:\/\/projectes.xtec.cat\/tilc\/wp-json\/wp\/v2\/media\/11403"}],"wp:attachment":[{"href":"https:\/\/projectes.xtec.cat\/tilc\/wp-json\/wp\/v2\/media?parent=11401"}],"wp:term":[{"taxonomy":"category","embeddable":true,"href":"https:\/\/projectes.xtec.cat\/tilc\/wp-json\/wp\/v2\/categories?post=11401"},{"taxonomy":"post_tag","embeddable":true,"href":"https:\/\/projectes.xtec.cat\/tilc\/wp-json\/wp\/v2\/tags?post=11401"}],"curies":[{"name":"wp","href":"https:\/\/api.w.org\/{rel}","templated":true}]}}