{"id":11420,"date":"2022-11-11T13:30:01","date_gmt":"2022-11-11T12:30:01","guid":{"rendered":"https:\/\/projectes.xtec.cat\/tilc\/?p=11420"},"modified":"2022-11-15T12:31:20","modified_gmt":"2022-11-15T11:31:20","slug":"exposicio-ciencia-i-contes","status":"publish","type":"post","link":"https:\/\/projectes.xtec.cat\/tilc\/novetats\/exposicio-ciencia-i-contes\/","title":{"rendered":"Exposici\u00f3: ci\u00e8ncia i contes"},"content":{"rendered":"<p>Encara sou a temps de visitar l&#8217;exposici\u00f3 que hi ha al <a href=\"https:\/\/museuciencies.cat\/\" target=\"_blank\" rel=\"noopener\">Museu de Ci\u00e8ncies Naturals de Barcelona<\/a>, titulada <a href=\"https:\/\/museuciencies.cat\/exposicio_temporal\/hi-havia-una-vegada-ciencia-i-contes\/\" target=\"_blank\" rel=\"noopener\"><strong>Hi havia una vegada&#8230; ci\u00e8ncia i contes<\/strong><\/a>, que explora <em>fen\u00f2mens i conceptes de les ci\u00e8ncies socials i naturals, com ara la f\u00edsica, la qu\u00edmica, les matem\u00e0tiques, la geologia i la biologia, i els relaciona amb la nostra realitat<\/em>. O, m\u00e9s aviat, amb el context f\u00edsic dels contes.<\/p>\n<p>Encara que \u00e9s una exposici\u00f3 orientada especialment a alumnat de prim\u00e0ria, ben segur que el p\u00fablic de totes les edats en pot gaudir i, de la mateixa manera que en el <a href=\"https:\/\/projectes.xtec.cat\/tilc\/tag\/llegim-ciencia\/\" target=\"_blank\" rel=\"noopener\"><strong>Llegim ci\u00e8ncia<\/strong><\/a> del <a href=\"https:\/\/xtec.gencat.cat\/ca\/projectes\/lectura\/gustperlalectura\/\" target=\"_blank\" rel=\"noopener\"><strong>programa El Gust per la Lectura<\/strong><\/a>, aproximar-se al model cient\u00edfic que explica els fen\u00f2mens pretesament realistes que s\u00f3n a la base de les rondalles.<\/p>\n<p><a href=\"https:\/\/projectes.xtec.cat\/tilc\/wp-content\/uploads\/usu2098\/2022\/11\/Museu_Ciencies_Naturals_c1.jpg\"><img loading=\"lazy\" decoding=\"async\" class=\"aligncenter wp-image-11421 size-full\" src=\"https:\/\/projectes.xtec.cat\/tilc\/wp-content\/uploads\/usu2098\/2022\/11\/Museu_Ciencies_Naturals_c1.jpg\" alt=\"\" width=\"665\" height=\"374\" srcset=\"https:\/\/projectes.xtec.cat\/tilc\/wp-content\/uploads\/usu2098\/2022\/11\/Museu_Ciencies_Naturals_c1.jpg 665w, https:\/\/projectes.xtec.cat\/tilc\/wp-content\/uploads\/usu2098\/2022\/11\/Museu_Ciencies_Naturals_c1-300x169.jpg 300w\" sizes=\"auto, (max-width: 665px) 100vw, 665px\" \/><\/a><\/p>\n<p>&nbsp;<\/p>\n","protected":false},"excerpt":{"rendered":"<p>Exposici\u00f3 al Museu de Ci\u00e8ncies de Barcelona sobre el model cient\u00edfic contingut en els contes&hellip;  <a href=\"https:\/\/projectes.xtec.cat\/tilc\/novetats\/exposicio-ciencia-i-contes\/\" title=\"Read Exposici\u00f3: ci\u00e8ncia i contes\">Llegeix m\u00e9s\u00bb<\/a><\/p>\n","protected":false},"author":9,"featured_media":11421,"comment_status":"open","ping_status":"closed","sticky":false,"template":"","format":"standard","meta":{"_bbp_topic_count":0,"_bbp_reply_count":0,"_bbp_total_topic_count":0,"_bbp_total_reply_count":0,"_bbp_voice_count":0,"_bbp_anonymous_reply_count":0,"_bbp_topic_count_hidden":0,"_bbp_reply_count_hidden":0,"_bbp_forum_subforum_count":0,"footnotes":""},"categories":[313],"tags":[309,406,338,456,385],"class_list":["post-11420","post","type-post","status-publish","format-standard","has-post-thumbnail","hentry","category-novetats","tag-ambit-cientificotecnologic","tag-competencia-literaria","tag-educacio-primaria","tag-exposicions-temporals","tag-llegim-ciencia"],"post_mailing_queue_ids":[],"_links":{"self":[{"href":"https:\/\/projectes.xtec.cat\/tilc\/wp-json\/wp\/v2\/posts\/11420","targetHints":{"allow":["GET"]}}],"collection":[{"href":"https:\/\/projectes.xtec.cat\/tilc\/wp-json\/wp\/v2\/posts"}],"about":[{"href":"https:\/\/projectes.xtec.cat\/tilc\/wp-json\/wp\/v2\/types\/post"}],"author":[{"embeddable":true,"href":"https:\/\/projectes.xtec.cat\/tilc\/wp-json\/wp\/v2\/users\/9"}],"replies":[{"embeddable":true,"href":"https:\/\/projectes.xtec.cat\/tilc\/wp-json\/wp\/v2\/comments?post=11420"}],"version-history":[{"count":2,"href":"https:\/\/projectes.xtec.cat\/tilc\/wp-json\/wp\/v2\/posts\/11420\/revisions"}],"predecessor-version":[{"id":11423,"href":"https:\/\/projectes.xtec.cat\/tilc\/wp-json\/wp\/v2\/posts\/11420\/revisions\/11423"}],"wp:featuredmedia":[{"embeddable":true,"href":"https:\/\/projectes.xtec.cat\/tilc\/wp-json\/wp\/v2\/media\/11421"}],"wp:attachment":[{"href":"https:\/\/projectes.xtec.cat\/tilc\/wp-json\/wp\/v2\/media?parent=11420"}],"wp:term":[{"taxonomy":"category","embeddable":true,"href":"https:\/\/projectes.xtec.cat\/tilc\/wp-json\/wp\/v2\/categories?post=11420"},{"taxonomy":"post_tag","embeddable":true,"href":"https:\/\/projectes.xtec.cat\/tilc\/wp-json\/wp\/v2\/tags?post=11420"}],"curies":[{"name":"wp","href":"https:\/\/api.w.org\/{rel}","templated":true}]}}