{"id":11440,"date":"2022-11-25T12:34:10","date_gmt":"2022-11-25T11:34:10","guid":{"rendered":"https:\/\/projectes.xtec.cat\/tilc\/?p=11440"},"modified":"2022-11-25T12:39:46","modified_gmt":"2022-11-25T11:39:46","slug":"obert-el-termini-dinscripcio-per-al-concurs-el-gust-per-la-lectura","status":"publish","type":"post","link":"https:\/\/projectes.xtec.cat\/tilc\/novetats\/obert-el-termini-dinscripcio-per-al-concurs-el-gust-per-la-lectura\/","title":{"rendered":"Obert el termini d&#8217;inscripci\u00f3 per al concurs El Gust per la Lectura"},"content":{"rendered":"<p>Els dies 17 d&#8217;octubre i 14 i 21 de novembre es va fer la formaci\u00f3 de presentaci\u00f3 de les lectures i els materials de la modalitat Llegim Ci\u00e8ncia, dins del programa El Gust per la Lectura. La segona sessi\u00f3 va consistir en un club de lectura, en el qual es va parlar de cada novel\u00b7la i tamb\u00e9 de les oportunitats did\u00e0ctiques que proporcionava a la classe de llengua.<\/p>\n<p>Tant si hi vau participar com si no, potser esteu treballant a classe (o teniu planificat fer-ho) a partir de les dues obres proposades i\/o dels <a href=\"https:\/\/projectes.xtec.cat\/tilc\/recursos\/acces-als-materials-didactics-llegim-ciencia-de-ledicio-actual-del-gust-per-la-lectura\/\" target=\"_blank\" rel=\"noopener\"><strong>materials associats<\/strong><\/a>. Si \u00e9s el cas, us podeu presentar al concurs. Teniu temps per inscriure-us-hi fins al dia 18 de gener, i podreu lliurar els treballs entre el 14 de mar\u00e7 i el 28 d&#8217;abril.<\/p>\n<p>Animeu-vos a participar-hi! <a href=\"https:\/\/projectes.xtec.cat\/tilc\/wp-content\/uploads\/usu2098\/2022\/11\/gust_lectura-1.jpg\"><img loading=\"lazy\" decoding=\"async\" class=\"aligncenter wp-image-11442\" src=\"https:\/\/projectes.xtec.cat\/tilc\/wp-content\/uploads\/usu2098\/2022\/11\/gust_lectura-1.jpg\" alt=\"Logo quadrat GxL\" width=\"250\" height=\"250\" \/><\/a><a href=\"https:\/\/projectes.xtec.cat\/tilc\/wp-content\/uploads\/usu2098\/2022\/11\/553x553-logo-XXVIII-gust-lectura-23.png_1595044798.png\"><img loading=\"lazy\" decoding=\"async\" class=\"aligncenter size-medium wp-image-11443\" src=\"https:\/\/projectes.xtec.cat\/tilc\/wp-content\/uploads\/usu2098\/2022\/11\/553x553-logo-XXVIII-gust-lectura-23.png_1595044798-300x300.png\" alt=\"\" width=\"300\" height=\"300\" srcset=\"https:\/\/projectes.xtec.cat\/tilc\/wp-content\/uploads\/usu2098\/2022\/11\/553x553-logo-XXVIII-gust-lectura-23.png_1595044798-300x300.png 300w, https:\/\/projectes.xtec.cat\/tilc\/wp-content\/uploads\/usu2098\/2022\/11\/553x553-logo-XXVIII-gust-lectura-23.png_1595044798-150x150.png 150w, https:\/\/projectes.xtec.cat\/tilc\/wp-content\/uploads\/usu2098\/2022\/11\/553x553-logo-XXVIII-gust-lectura-23.png_1595044798.png 538w\" sizes=\"auto, (max-width: 300px) 100vw, 300px\" \/><\/a><\/p>\n<p>&nbsp;<\/p>\n","protected":false},"excerpt":{"rendered":"<p>Obert el termini d&#8217;inscripci\u00f3 del concurs El Gust per la Lectura.&hellip;  <a href=\"https:\/\/projectes.xtec.cat\/tilc\/novetats\/obert-el-termini-dinscripcio-per-al-concurs-el-gust-per-la-lectura\/\" title=\"Read Obert el termini d&#8217;inscripci\u00f3 per al concurs El Gust per la Lectura\">Llegeix m\u00e9s\u00bb<\/a><\/p>\n","protected":false},"author":9,"featured_media":11441,"comment_status":"open","ping_status":"closed","sticky":false,"template":"","format":"standard","meta":{"_bbp_topic_count":0,"_bbp_reply_count":0,"_bbp_total_topic_count":0,"_bbp_total_reply_count":0,"_bbp_voice_count":0,"_bbp_anonymous_reply_count":0,"_bbp_topic_count_hidden":0,"_bbp_reply_count_hidden":0,"_bbp_forum_subforum_count":0,"footnotes":""},"categories":[313],"tags":[309,406,405,451,385],"class_list":["post-11440","post","type-post","status-publish","format-standard","has-post-thumbnail","hentry","category-novetats","tag-ambit-cientificotecnologic","tag-competencia-literaria","tag-concursos","tag-el-gust-per-la-lectura","tag-llegim-ciencia"],"post_mailing_queue_ids":[],"_links":{"self":[{"href":"https:\/\/projectes.xtec.cat\/tilc\/wp-json\/wp\/v2\/posts\/11440","targetHints":{"allow":["GET"]}}],"collection":[{"href":"https:\/\/projectes.xtec.cat\/tilc\/wp-json\/wp\/v2\/posts"}],"about":[{"href":"https:\/\/projectes.xtec.cat\/tilc\/wp-json\/wp\/v2\/types\/post"}],"author":[{"embeddable":true,"href":"https:\/\/projectes.xtec.cat\/tilc\/wp-json\/wp\/v2\/users\/9"}],"replies":[{"embeddable":true,"href":"https:\/\/projectes.xtec.cat\/tilc\/wp-json\/wp\/v2\/comments?post=11440"}],"version-history":[{"count":3,"href":"https:\/\/projectes.xtec.cat\/tilc\/wp-json\/wp\/v2\/posts\/11440\/revisions"}],"predecessor-version":[{"id":11451,"href":"https:\/\/projectes.xtec.cat\/tilc\/wp-json\/wp\/v2\/posts\/11440\/revisions\/11451"}],"wp:featuredmedia":[{"embeddable":true,"href":"https:\/\/projectes.xtec.cat\/tilc\/wp-json\/wp\/v2\/media\/11441"}],"wp:attachment":[{"href":"https:\/\/projectes.xtec.cat\/tilc\/wp-json\/wp\/v2\/media?parent=11440"}],"wp:term":[{"taxonomy":"category","embeddable":true,"href":"https:\/\/projectes.xtec.cat\/tilc\/wp-json\/wp\/v2\/categories?post=11440"},{"taxonomy":"post_tag","embeddable":true,"href":"https:\/\/projectes.xtec.cat\/tilc\/wp-json\/wp\/v2\/tags?post=11440"}],"curies":[{"name":"wp","href":"https:\/\/api.w.org\/{rel}","templated":true}]}}