{"id":11462,"date":"2022-12-12T19:39:49","date_gmt":"2022-12-12T18:39:49","guid":{"rendered":"https:\/\/projectes.xtec.cat\/tilc\/?p=11462"},"modified":"2022-12-12T19:41:34","modified_gmt":"2022-12-12T18:41:34","slug":"erasmus-informe-4-estada-a-mont-de-marsan-franca","status":"publish","type":"post","link":"https:\/\/projectes.xtec.cat\/tilc\/novetats\/erasmus-informe-4-estada-a-mont-de-marsan-franca\/","title":{"rendered":"Erasmus+, informe 4: estada a Mont de Marsan (Fran\u00e7a)"},"content":{"rendered":"<p>El grup format per l&#8217;IE Coves d&#8217;en Cimany, que \u00e9s un centre TILC, l&#8217;ESC Ramon Pont i l&#8217;INS Jonqueres, van fer una setmana d&#8217;observaci\u00f3 al Lic\u00e9e Victor Duruy de Mont de Marsan, una localitat prop de Bordeus. Trobareu el seu informe <a href=\"https:\/\/projectes.xtec.cat\/acollidasuport\/portada\/els-diaris-de-la-mobilitat-a-mont-de-marsan-franca\/\" target=\"_blank\" rel=\"noopener\"><strong>en aquest enlla\u00e7<\/strong><\/a>\u00a0del Nodes d&#8217;alumnat d&#8217;origen estranger.<a href=\"https:\/\/projectes.xtec.cat\/tilc\/wp-content\/uploads\/usu2098\/2022\/12\/Lycee_Duruy.jpg\"><img loading=\"lazy\" decoding=\"async\" class=\"aligncenter wp-image-11463 size-full\" src=\"https:\/\/projectes.xtec.cat\/tilc\/wp-content\/uploads\/usu2098\/2022\/12\/Lycee_Duruy.jpg\" alt=\"Lic\u00e9e Mont de Marsan\" width=\"1024\" height=\"768\" srcset=\"https:\/\/projectes.xtec.cat\/tilc\/wp-content\/uploads\/usu2098\/2022\/12\/Lycee_Duruy.jpg 1024w, https:\/\/projectes.xtec.cat\/tilc\/wp-content\/uploads\/usu2098\/2022\/12\/Lycee_Duruy-300x225.jpg 300w, https:\/\/projectes.xtec.cat\/tilc\/wp-content\/uploads\/usu2098\/2022\/12\/Lycee_Duruy-768x576.jpg 768w, https:\/\/projectes.xtec.cat\/tilc\/wp-content\/uploads\/usu2098\/2022\/12\/Lycee_Duruy-200x150.jpg 200w\" sizes=\"auto, (max-width: 1024px) 100vw, 1024px\" \/><\/a><\/p>\n","protected":false},"excerpt":{"rendered":"<p>Enlla\u00e7 a l&#8217;informe de l&#8217;estada d&#8217;observaci\u00f3 a Mont de Marsan (Fran\u00e7a)&hellip;  <a href=\"https:\/\/projectes.xtec.cat\/tilc\/novetats\/erasmus-informe-4-estada-a-mont-de-marsan-franca\/\" title=\"Read Erasmus+, informe 4: estada a Mont de Marsan (Fran\u00e7a)\">Llegeix m\u00e9s\u00bb<\/a><\/p>\n","protected":false},"author":9,"featured_media":11463,"comment_status":"open","ping_status":"closed","sticky":false,"template":"","format":"standard","meta":{"_bbp_topic_count":0,"_bbp_reply_count":0,"_bbp_total_topic_count":0,"_bbp_total_reply_count":0,"_bbp_voice_count":0,"_bbp_anonymous_reply_count":0,"_bbp_topic_count_hidden":0,"_bbp_reply_count_hidden":0,"_bbp_forum_subforum_count":0,"footnotes":""},"categories":[445,313],"tags":[365,427,428,448],"class_list":["post-11462","post","type-post","status-publish","format-standard","has-post-thumbnail","hentry","category-erasmus","category-novetats","tag-educacio-secundaria","tag-erasmus","tag-mcesamtilc","tag-mobilitats"],"post_mailing_queue_ids":[],"_links":{"self":[{"href":"https:\/\/projectes.xtec.cat\/tilc\/wp-json\/wp\/v2\/posts\/11462","targetHints":{"allow":["GET"]}}],"collection":[{"href":"https:\/\/projectes.xtec.cat\/tilc\/wp-json\/wp\/v2\/posts"}],"about":[{"href":"https:\/\/projectes.xtec.cat\/tilc\/wp-json\/wp\/v2\/types\/post"}],"author":[{"embeddable":true,"href":"https:\/\/projectes.xtec.cat\/tilc\/wp-json\/wp\/v2\/users\/9"}],"replies":[{"embeddable":true,"href":"https:\/\/projectes.xtec.cat\/tilc\/wp-json\/wp\/v2\/comments?post=11462"}],"version-history":[{"count":2,"href":"https:\/\/projectes.xtec.cat\/tilc\/wp-json\/wp\/v2\/posts\/11462\/revisions"}],"predecessor-version":[{"id":11465,"href":"https:\/\/projectes.xtec.cat\/tilc\/wp-json\/wp\/v2\/posts\/11462\/revisions\/11465"}],"wp:featuredmedia":[{"embeddable":true,"href":"https:\/\/projectes.xtec.cat\/tilc\/wp-json\/wp\/v2\/media\/11463"}],"wp:attachment":[{"href":"https:\/\/projectes.xtec.cat\/tilc\/wp-json\/wp\/v2\/media?parent=11462"}],"wp:term":[{"taxonomy":"category","embeddable":true,"href":"https:\/\/projectes.xtec.cat\/tilc\/wp-json\/wp\/v2\/categories?post=11462"},{"taxonomy":"post_tag","embeddable":true,"href":"https:\/\/projectes.xtec.cat\/tilc\/wp-json\/wp\/v2\/tags?post=11462"}],"curies":[{"name":"wp","href":"https:\/\/api.w.org\/{rel}","templated":true}]}}