{"id":11499,"date":"2023-01-16T17:59:31","date_gmt":"2023-01-16T16:59:31","guid":{"rendered":"https:\/\/projectes.xtec.cat\/tilc\/?p=11499"},"modified":"2023-01-16T19:17:01","modified_gmt":"2023-01-16T18:17:01","slug":"oberta-la-inscripcio-a-lactivitat-formativa-integrar-llengua-i-continguts-al-treball-en-totes-les-materies-per-a-la-millora-de-resultats","status":"publish","type":"post","link":"https:\/\/projectes.xtec.cat\/tilc\/novetats\/oberta-la-inscripcio-a-lactivitat-formativa-integrar-llengua-i-continguts-al-treball-en-totes-les-materies-per-a-la-millora-de-resultats\/","title":{"rendered":"Oberta la inscripci\u00f3 a l&#8217;activitat formativa: Integrar llengua i continguts al treball en totes les mat\u00e8ries per a la millora de resultats"},"content":{"rendered":"<p>Us informem que est\u00e0 oberta la inscripci\u00f3 a l&#8217;activitat formativa &#8220;<a href=\"https:\/\/aplicacions.gestioeducativa.gencat.cat\/pls\/soloas\/pk_for_mod_ins.p_for_detall_activitat?p_header=Llista%20d%27activitats^pk_for_mod_ins.p_for_cons_activitats?p_tipus_act=ETM,TSI,LCES,LCCC,ILCT,CLA1,CLA3,CLA4%26p_totes=S%26p_inici=1%26p_excloure_crp_rec=F&amp;p_codi=9001460555&amp;p_curs=2022-2023&amp;p_excloure_crp_rec=F\">Integrar llengua i continguts al treball en totes les mat\u00e8ries per a la millora de resultats<\/a>&#8220;. S&#8217;ofereix en la modalitat de taller h\u00edbrid (sessions s\u00edncrones i as\u00edncrones) adre\u00e7at al professorat.<br \/>\nEs tracta d&#8217;una activitat formativa d\u2019actualitzaci\u00f3 did\u00e0ctica relacionada amb la metodologia d\u2019integraci\u00f3 de llengua i continguts (TILC). Les sessions en l\u00ednia promouen l&#8217;an\u00e0lisi i millora d&#8217;activitats a partir del nou curr\u00edculum dels diferents \u00e0mbits. S&#8217;hi treballen metodologies i estrat\u00e8gies orientades a millorar els resultats acad\u00e8mics de tot l\u2019alumnat en els \u00e0mbits no ling\u00fc\u00edstics de l&#8217;Educaci\u00f3 Secund\u00e0ria.<\/p>\n<p>Quina estructura t\u00e9?<\/p>\n<ul>\n<li>Format h\u00edbrid en la plataforma Odissea: 4 sessions sincr\u00f2niques de 2:15\u202fh i 11\u202fh de feina asincr\u00f2nica.\u00a0Certificaci\u00f3 de 20 h en total.<\/li>\n<li>Les sessions sincr\u00f2niques s\u00f3n tallers pr\u00e0ctics en qu\u00e8 s&#8217;analitzen propostes TILC i s&#8217;introdueixen estrat\u00e8gies d&#8217;aplicaci\u00f3 a l&#8217;aula.<\/li>\n<\/ul>\n<p>Quins continguts s&#8217;aborden?<\/p>\n<ul>\n<li>L\u2019ombra de la llengua en el curr\u00edculum de totes les mat\u00e8ries<\/li>\n<li>Parlar, llegir i escriure en totes les mat\u00e8ries<\/li>\n<li>Les funcions o habilitats cognitivoling\u00fc\u00edstiques<\/li>\n<li>Els g\u00e8neres discursius<\/li>\n<li>El vocabulari espec\u00edfic de cada disciplina<\/li>\n<li>Cerca i tractament de la informaci\u00f3<\/li>\n<li>L&#8217;avaluaci\u00f3 en el TILC<\/li>\n<\/ul>\n<p>Us enllacem el formulari d&#8217;inscripci\u00f3: <a href=\"https:\/\/aplicacions.gestioeducativa.gencat.cat\/pls\/soloas\/pk_for_mod_ins.p_for_detall_activitat?p_header=Llista%20d%27activitats^pk_for_mod_ins.p_for_cons_activitats?p_tipus_act=ETM,TSI,LCES,LCCC,ILCT,CLA1,CLA3,CLA4%26p_totes=S%26p_inici=1%26p_excloure_crp_rec=F&amp;p_codi=9001460555&amp;p_curs=2022-2023&amp;p_excloure_crp_rec=F\">9001460555: Integrar llengua i continguts al treball en totes les mat\u00e8ries per a la millora de resultats.<\/a><\/p>\n<p><strong>El termini finalitza el 29 de gener de 2023. La primera sessi\u00f3 s\u00edncrona es dur\u00e0 a terme el 16 de febrer, dilluns, de 16:30 a 18:45.\u00a0<\/strong><\/p>\n<p>Esperem que sigui del vostre inter\u00e8s.<\/p>\n<p><a href=\"https:\/\/projectes.xtec.cat\/tilc\/wp-content\/uploads\/usu2098\/2020\/08\/Logo-TILC-_4li\u0301nies-Fblanc.jpg\"><img loading=\"lazy\" decoding=\"async\" class=\"aligncenter wp-image-8247\" src=\"https:\/\/projectes.xtec.cat\/tilc\/wp-content\/uploads\/usu2098\/2020\/08\/Logo-TILC-_4li\u0301nies-Fblanc.jpg\" alt=\"\" width=\"348\" height=\"235\" srcset=\"https:\/\/projectes.xtec.cat\/tilc\/wp-content\/uploads\/usu2098\/2020\/08\/Logo-TILC-_4li\u0301nies-Fblanc.jpg 1436w, https:\/\/projectes.xtec.cat\/tilc\/wp-content\/uploads\/usu2098\/2020\/08\/Logo-TILC-_4li\u0301nies-Fblanc-300x203.jpg 300w, https:\/\/projectes.xtec.cat\/tilc\/wp-content\/uploads\/usu2098\/2020\/08\/Logo-TILC-_4li\u0301nies-Fblanc-768x519.jpg 768w, https:\/\/projectes.xtec.cat\/tilc\/wp-content\/uploads\/usu2098\/2020\/08\/Logo-TILC-_4li\u0301nies-Fblanc-1024x692.jpg 1024w\" sizes=\"auto, (max-width: 348px) 100vw, 348px\" \/><\/a><\/p>\n","protected":false},"excerpt":{"rendered":"<p>Us informem que est\u00e0 oberta la inscripci\u00f3 a l&#8217;activitat formativa &#8220;<a href=\"https:\/\/aplicacions.gestioeducativa.gencat.cat\/pls\/soloas\/pk_for_mod_ins.p_for_detall_activitat?p_header=Llista%20d%27activitats^pk_for_mod_ins.p_for_cons_activitats?p_tipus_act=ETM,TSI,LCES,LCCC,ILCT,CLA1,CLA3,CLA4%26p_totes=S%26p_inici=1%26p_excloure_crp_rec=F&amp;p_codi=9001460555&amp;p_curs=2022-2023&amp;p_excloure_crp_rec=F\">Integrar llengua i continguts al treball en totes les mat\u00e8ries per a la millora de resultats<\/a>&#8220;. S&#8217;ofereix en la modalitat de taller h\u00edbrid (sessions s\u00edncrones i as\u00edncrones) adre\u00e7at al professorat.<br \/>\nEs tracta d&#8217;una activitat formativa&hellip;  <a href=\"https:\/\/projectes.xtec.cat\/tilc\/novetats\/oberta-la-inscripcio-a-lactivitat-formativa-integrar-llengua-i-continguts-al-treball-en-totes-les-materies-per-a-la-millora-de-resultats\/\" title=\"Read Oberta la inscripci\u00f3 a l&#8217;activitat formativa: Integrar llengua i continguts al treball en totes les mat\u00e8ries per a la millora de resultats\">Llegeix m\u00e9s\u00bb<\/a><\/p>\n","protected":false},"author":9,"featured_media":11500,"comment_status":"open","ping_status":"closed","sticky":false,"template":"","format":"standard","meta":{"_bbp_topic_count":0,"_bbp_reply_count":0,"_bbp_total_topic_count":0,"_bbp_total_reply_count":0,"_bbp_voice_count":0,"_bbp_anonymous_reply_count":0,"_bbp_topic_count_hidden":0,"_bbp_reply_count_hidden":0,"_bbp_forum_subforum_count":0,"footnotes":""},"categories":[313],"tags":[],"class_list":["post-11499","post","type-post","status-publish","format-standard","has-post-thumbnail","hentry","category-novetats"],"post_mailing_queue_ids":[],"_links":{"self":[{"href":"https:\/\/projectes.xtec.cat\/tilc\/wp-json\/wp\/v2\/posts\/11499","targetHints":{"allow":["GET"]}}],"collection":[{"href":"https:\/\/projectes.xtec.cat\/tilc\/wp-json\/wp\/v2\/posts"}],"about":[{"href":"https:\/\/projectes.xtec.cat\/tilc\/wp-json\/wp\/v2\/types\/post"}],"author":[{"embeddable":true,"href":"https:\/\/projectes.xtec.cat\/tilc\/wp-json\/wp\/v2\/users\/9"}],"replies":[{"embeddable":true,"href":"https:\/\/projectes.xtec.cat\/tilc\/wp-json\/wp\/v2\/comments?post=11499"}],"version-history":[{"count":3,"href":"https:\/\/projectes.xtec.cat\/tilc\/wp-json\/wp\/v2\/posts\/11499\/revisions"}],"predecessor-version":[{"id":11502,"href":"https:\/\/projectes.xtec.cat\/tilc\/wp-json\/wp\/v2\/posts\/11499\/revisions\/11502"}],"wp:featuredmedia":[{"embeddable":true,"href":"https:\/\/projectes.xtec.cat\/tilc\/wp-json\/wp\/v2\/media\/11500"}],"wp:attachment":[{"href":"https:\/\/projectes.xtec.cat\/tilc\/wp-json\/wp\/v2\/media?parent=11499"}],"wp:term":[{"taxonomy":"category","embeddable":true,"href":"https:\/\/projectes.xtec.cat\/tilc\/wp-json\/wp\/v2\/categories?post=11499"},{"taxonomy":"post_tag","embeddable":true,"href":"https:\/\/projectes.xtec.cat\/tilc\/wp-json\/wp\/v2\/tags?post=11499"}],"curies":[{"name":"wp","href":"https:\/\/api.w.org\/{rel}","templated":true}]}}