{"id":11734,"date":"2023-06-21T09:49:48","date_gmt":"2023-06-21T07:49:48","guid":{"rendered":"https:\/\/projectes.xtec.cat\/tilc\/?p=11734"},"modified":"2023-06-21T09:50:23","modified_gmt":"2023-06-21T07:50:23","slug":"jornada-anual-de-la-xarxa-de-competencies-basiques","status":"publish","type":"post","link":"https:\/\/projectes.xtec.cat\/tilc\/novetats\/jornada-anual-de-la-xarxa-de-competencies-basiques\/","title":{"rendered":"Jornada anual de la Xarxa de Compet\u00e8ncies"},"content":{"rendered":"<p>El proper 1 de juliol, a les Cotxeres de Sants, se celebrar\u00e0 la XXII Jornada Anual de la Xarxa de Compet\u00e8ncies. Enguany, amb el t\u00edtol <em>Escola d&#8217;avui, societat del futur<\/em>, es dedicar\u00e0 als set vectors del nou curr\u00edculum.<\/p>\n<p>Per b\u00e9 que cal tenir-los tots en compte, des del TILC ens interessa especialment el vector Qualitat de l&#8217;educaci\u00f3 de les lleng\u00fces, perqu\u00e8 amara totes les compet\u00e8ncies espec\u00edfiques de mat\u00e8ria i, no cal dir-ho, la compet\u00e8ncia clau en comunicaci\u00f3 ling\u00fc\u00edstica (CCL) i la compet\u00e8ncia pluriling\u00fce (CP). Per tant, el curr\u00edculum a la pr\u00e0ctica ja mostra que els components ling\u00fc\u00edstics formen part dels sabers de totes les mat\u00e8ries.<\/p>\n<p>Us convidem a inscriure-us-hi. Trobareu tota la informaci\u00f3 i l&#8217;acc\u00e9s a la inscripci\u00f3 <a href=\"https:\/\/sites.google.com\/xtec.cat\/22jornadaxarxadecompetencies\/p%C3%A0gina-principal\" target=\"_blank\" rel=\"noopener\"><em><strong>en aquest enlla\u00e7<\/strong><\/em><\/a>.<\/p>\n<p><a href=\"https:\/\/projectes.xtec.cat\/tilc\/wp-content\/uploads\/usu2098\/2023\/06\/xarxa2023_page-0001.jpg\"><img loading=\"lazy\" decoding=\"async\" class=\"aligncenter size-full wp-image-11735\" src=\"https:\/\/projectes.xtec.cat\/tilc\/wp-content\/uploads\/usu2098\/2023\/06\/xarxa2023_page-0001.jpg\" alt=\"Programa Jornada XCB 2023\" width=\"1125\" height=\"1605\" srcset=\"https:\/\/projectes.xtec.cat\/tilc\/wp-content\/uploads\/usu2098\/2023\/06\/xarxa2023_page-0001.jpg 1125w, https:\/\/projectes.xtec.cat\/tilc\/wp-content\/uploads\/usu2098\/2023\/06\/xarxa2023_page-0001-210x300.jpg 210w, https:\/\/projectes.xtec.cat\/tilc\/wp-content\/uploads\/usu2098\/2023\/06\/xarxa2023_page-0001-718x1024.jpg 718w, https:\/\/projectes.xtec.cat\/tilc\/wp-content\/uploads\/usu2098\/2023\/06\/xarxa2023_page-0001-768x1096.jpg 768w, https:\/\/projectes.xtec.cat\/tilc\/wp-content\/uploads\/usu2098\/2023\/06\/xarxa2023_page-0001-1077x1536.jpg 1077w\" sizes=\"auto, (max-width: 1125px) 100vw, 1125px\" \/><\/a><\/p>\n","protected":false},"excerpt":{"rendered":"<p>Difusi\u00f3 de la XXII Jornada Anual de la Xarxa de Compet\u00e8ncies B\u00e0siques&hellip;  <a href=\"https:\/\/projectes.xtec.cat\/tilc\/novetats\/jornada-anual-de-la-xarxa-de-competencies-basiques\/\" title=\"Read Jornada anual de la Xarxa de Compet\u00e8ncies\">Llegeix m\u00e9s\u00bb<\/a><\/p>\n","protected":false},"author":9,"featured_media":11736,"comment_status":"open","ping_status":"closed","sticky":false,"template":"","format":"standard","meta":{"_bbp_topic_count":0,"_bbp_reply_count":0,"_bbp_total_topic_count":0,"_bbp_total_reply_count":0,"_bbp_voice_count":0,"_bbp_anonymous_reply_count":0,"_bbp_topic_count_hidden":0,"_bbp_reply_count_hidden":0,"_bbp_forum_subforum_count":0,"footnotes":""},"categories":[313],"tags":[333,464],"class_list":["post-11734","post","type-post","status-publish","format-standard","has-post-thumbnail","hentry","category-novetats","tag-curriculum","tag-xarxa-de-competencies"],"post_mailing_queue_ids":[],"_links":{"self":[{"href":"https:\/\/projectes.xtec.cat\/tilc\/wp-json\/wp\/v2\/posts\/11734","targetHints":{"allow":["GET"]}}],"collection":[{"href":"https:\/\/projectes.xtec.cat\/tilc\/wp-json\/wp\/v2\/posts"}],"about":[{"href":"https:\/\/projectes.xtec.cat\/tilc\/wp-json\/wp\/v2\/types\/post"}],"author":[{"embeddable":true,"href":"https:\/\/projectes.xtec.cat\/tilc\/wp-json\/wp\/v2\/users\/9"}],"replies":[{"embeddable":true,"href":"https:\/\/projectes.xtec.cat\/tilc\/wp-json\/wp\/v2\/comments?post=11734"}],"version-history":[{"count":2,"href":"https:\/\/projectes.xtec.cat\/tilc\/wp-json\/wp\/v2\/posts\/11734\/revisions"}],"predecessor-version":[{"id":11738,"href":"https:\/\/projectes.xtec.cat\/tilc\/wp-json\/wp\/v2\/posts\/11734\/revisions\/11738"}],"wp:featuredmedia":[{"embeddable":true,"href":"https:\/\/projectes.xtec.cat\/tilc\/wp-json\/wp\/v2\/media\/11736"}],"wp:attachment":[{"href":"https:\/\/projectes.xtec.cat\/tilc\/wp-json\/wp\/v2\/media?parent=11734"}],"wp:term":[{"taxonomy":"category","embeddable":true,"href":"https:\/\/projectes.xtec.cat\/tilc\/wp-json\/wp\/v2\/categories?post=11734"},{"taxonomy":"post_tag","embeddable":true,"href":"https:\/\/projectes.xtec.cat\/tilc\/wp-json\/wp\/v2\/tags?post=11734"}],"curies":[{"name":"wp","href":"https:\/\/api.w.org\/{rel}","templated":true}]}}