{"id":11904,"date":"2023-10-03T11:48:01","date_gmt":"2023-10-03T09:48:01","guid":{"rendered":"https:\/\/projectes.xtec.cat\/tilc\/?p=11904"},"modified":"2023-10-03T11:48:18","modified_gmt":"2023-10-03T09:48:18","slug":"obert-el-termini-dinscripcio-a-la-lliga-de-debat-de-secundaria-i-batxillerat-edicio-2024","status":"publish","type":"post","link":"https:\/\/projectes.xtec.cat\/tilc\/novetats\/obert-el-termini-dinscripcio-a-la-lliga-de-debat-de-secundaria-i-batxillerat-edicio-2024\/","title":{"rendered":"Obert el termini d&#8217;inscripci\u00f3 a la Lliga de Debat de Secund\u00e0ria i Batxillerat &#8211; Edici\u00f3 2024"},"content":{"rendered":"<p>La <a href=\"https:\/\/www.vives.org\/\">Xarxa Vives d&#8217;Universitats<\/a> convoca, cada curs escolar,\u00a0la <a href=\"https:\/\/www.vives.org\/programes\/estudiants\/lliga-debat-secundaria-batxillerat\/\" target=\"_blank\" rel=\"noopener\">Lliga de Debat de Secund\u00e0ria i Batxillerat<\/a>. Ja teniu obert el termini per dur a terme la inscripci\u00f3 a l&#8217;edici\u00f3 de 2024. Podeu\u00a0<a href=\"https:\/\/www.vives.org\/programes\/estudiants\/lliga-debat-secundaria-batxillerat\/#1687331819192-bcc9563a-c9c9\" target=\"_blank\" rel=\"noopener\">formalitzar-la<\/a>\u00a0fins al 20 d\u2019octubre.<\/p>\n<p>El tema d\u2019aquesta edici\u00f3 \u00e9s: &#8220;<em><strong>La intel\u00b7lig\u00e8ncia artificial \u00e9s una amena\u00e7a per a la humanitat?&#8221; <\/strong><\/em><\/p>\n<p>Aquesta edici\u00f3 posa sobre la taula el desenvolupament tecnol\u00f2gic i l&#8217;\u00e8tica.<\/p>\n<p>Des del programa TILC difonem totes aquelles iniciatives que estan relacionades amb la integraci\u00f3 de les lleng\u00fces en l\u2019ensenyament-aprenentatge de totes les mat\u00e8ries curriculars. Aquesta iniciativa \u00e9s clau per introduir el treball de la llengua oral i el discurs argumentatiu en totes les mat\u00e8ries.<\/p>\n<p>Podeu trobar m\u00e9s informaci\u00f3 en aquest \u201cPer saber-ne m\u00e9s\u201d del nostre nodes: <a href=\"https:\/\/projectes.xtec.cat\/tilc\/wp-content\/uploads\/usu2098\/2023\/06\/PSM-Discurs-argumentatiu_Actualitzat-juny-2023.pdf\">Discurs argumentatiu<\/a>.<\/p>\n<p>Prepareu els vostres equips i animeu-los a participar!<\/p>\n<p><a href=\"https:\/\/projectes.xtec.cat\/tilc\/wp-content\/uploads\/usu2098\/2023\/10\/Lliga-de-debat-2024.png\"><img loading=\"lazy\" decoding=\"async\" class=\"aligncenter size-full wp-image-11905\" src=\"https:\/\/projectes.xtec.cat\/tilc\/wp-content\/uploads\/usu2098\/2023\/10\/Lliga-de-debat-2024.png\" alt=\"\" width=\"534\" height=\"386\" srcset=\"https:\/\/projectes.xtec.cat\/tilc\/wp-content\/uploads\/usu2098\/2023\/10\/Lliga-de-debat-2024.png 534w, https:\/\/projectes.xtec.cat\/tilc\/wp-content\/uploads\/usu2098\/2023\/10\/Lliga-de-debat-2024-300x217.png 300w\" sizes=\"auto, (max-width: 534px) 100vw, 534px\" \/><\/a><\/p>\n","protected":false},"excerpt":{"rendered":"<p>La <a href=\"https:\/\/www.vives.org\/\">Xarxa Vives d&#8217;Universitats<\/a> convoca, cada curs escolar,\u00a0la <a href=\"https:\/\/www.vives.org\/programes\/estudiants\/lliga-debat-secundaria-batxillerat\/\" target=\"_blank\" rel=\"noopener\">Lliga de Debat de Secund\u00e0ria i Batxillerat<\/a>. Ja teniu obert el termini per dur a terme la inscripci\u00f3 a l&#8217;edici\u00f3 de 2024. Podeu\u00a0<a href=\"https:\/\/www.vives.org\/programes\/estudiants\/lliga-debat-secundaria-batxillerat\/#1687331819192-bcc9563a-c9c9\" target=\"_blank\" rel=\"noopener\">formalitzar-la<\/a>\u00a0fins al 20 d\u2019octubre.<br \/>\nEl tema d\u2019aquesta edici\u00f3 \u00e9s:&hellip;  <a href=\"https:\/\/projectes.xtec.cat\/tilc\/novetats\/obert-el-termini-dinscripcio-a-la-lliga-de-debat-de-secundaria-i-batxillerat-edicio-2024\/\" title=\"Read Obert el termini d&#8217;inscripci\u00f3 a la Lliga de Debat de Secund\u00e0ria i Batxillerat &#8211; Edici\u00f3 2024\">Llegeix m\u00e9s\u00bb<\/a><\/p>\n","protected":false},"author":9,"featured_media":11906,"comment_status":"open","ping_status":"closed","sticky":false,"template":"","format":"standard","meta":{"_bbp_topic_count":0,"_bbp_reply_count":0,"_bbp_total_topic_count":0,"_bbp_total_reply_count":0,"_bbp_voice_count":0,"_bbp_anonymous_reply_count":0,"_bbp_topic_count_hidden":0,"_bbp_reply_count_hidden":0,"_bbp_forum_subforum_count":0,"footnotes":""},"categories":[313],"tags":[],"class_list":["post-11904","post","type-post","status-publish","format-standard","has-post-thumbnail","hentry","category-novetats"],"post_mailing_queue_ids":[],"_links":{"self":[{"href":"https:\/\/projectes.xtec.cat\/tilc\/wp-json\/wp\/v2\/posts\/11904","targetHints":{"allow":["GET"]}}],"collection":[{"href":"https:\/\/projectes.xtec.cat\/tilc\/wp-json\/wp\/v2\/posts"}],"about":[{"href":"https:\/\/projectes.xtec.cat\/tilc\/wp-json\/wp\/v2\/types\/post"}],"author":[{"embeddable":true,"href":"https:\/\/projectes.xtec.cat\/tilc\/wp-json\/wp\/v2\/users\/9"}],"replies":[{"embeddable":true,"href":"https:\/\/projectes.xtec.cat\/tilc\/wp-json\/wp\/v2\/comments?post=11904"}],"version-history":[{"count":2,"href":"https:\/\/projectes.xtec.cat\/tilc\/wp-json\/wp\/v2\/posts\/11904\/revisions"}],"predecessor-version":[{"id":11908,"href":"https:\/\/projectes.xtec.cat\/tilc\/wp-json\/wp\/v2\/posts\/11904\/revisions\/11908"}],"wp:featuredmedia":[{"embeddable":true,"href":"https:\/\/projectes.xtec.cat\/tilc\/wp-json\/wp\/v2\/media\/11906"}],"wp:attachment":[{"href":"https:\/\/projectes.xtec.cat\/tilc\/wp-json\/wp\/v2\/media?parent=11904"}],"wp:term":[{"taxonomy":"category","embeddable":true,"href":"https:\/\/projectes.xtec.cat\/tilc\/wp-json\/wp\/v2\/categories?post=11904"},{"taxonomy":"post_tag","embeddable":true,"href":"https:\/\/projectes.xtec.cat\/tilc\/wp-json\/wp\/v2\/tags?post=11904"}],"curies":[{"name":"wp","href":"https:\/\/api.w.org\/{rel}","templated":true}]}}