{"id":11914,"date":"2023-10-10T10:31:06","date_gmt":"2023-10-10T08:31:06","guid":{"rendered":"https:\/\/projectes.xtec.cat\/tilc\/?p=11914"},"modified":"2023-10-10T11:41:37","modified_gmt":"2023-10-10T09:41:37","slug":"obert-el-periode-dinscripcio-al-certament-de-lectura-en-veu-alta","status":"publish","type":"post","link":"https:\/\/projectes.xtec.cat\/tilc\/novetats\/obert-el-periode-dinscripcio-al-certament-de-lectura-en-veu-alta\/","title":{"rendered":"Obert el per\u00edode d&#8217;inscripci\u00f3 al Certamen de lectura en veu alta"},"content":{"rendered":"<p>Voleu promoure la lectura en veu alta en el vostre centre educatiu?\u00a0<a href=\"https:\/\/www.lecturaenveualta.cat\/\">Veu<strong>alta<\/strong><\/a> us dona aquesta oportunitat, a trav\u00e9s de la participaci\u00f3 en el Certamen de Lectura en Veu Alta. \u00c9s un projecte del Grup Enciclope\u0300dia Catalana que te\u0301 la missio\u0301 de promoure la literatura i la llengua per mitja\u0300 de la lectura compartida en veu alta.<\/p>\n<p>Podeu participar en el Certamen Escolar, adre\u00e7ada a alumnat de 3r de Prim\u00e0ria fins a 4t d&#8217;ESO. Les inscripcions romandran obertes fins al 31 d&#8217;octubre.<\/p>\n<p>Podeu consultar les bases i les lectures del Certamen Escolar clicant en la imatge.<\/p>\n<p><a href=\"https:\/\/projectes.xtec.cat\/tilc\/wp-content\/uploads\/usu2098\/2023\/10\/Veualta.png\" target=\"_blank\" rel=\"noopener\"><img loading=\"lazy\" decoding=\"async\" class=\"aligncenter wp-image-11915 size-full\" src=\"https:\/\/projectes.xtec.cat\/tilc\/wp-content\/uploads\/usu2098\/2023\/10\/Veualta.png\" alt=\"\" width=\"691\" height=\"162\" srcset=\"https:\/\/projectes.xtec.cat\/tilc\/wp-content\/uploads\/usu2098\/2023\/10\/Veualta.png 691w, https:\/\/projectes.xtec.cat\/tilc\/wp-content\/uploads\/usu2098\/2023\/10\/Veualta-300x70.png 300w\" sizes=\"auto, (max-width: 691px) 100vw, 691px\" \/><\/a><\/p>\n<p>Animeu-vos a participar!<\/p>\n<p>&nbsp;<\/p>\n","protected":false},"excerpt":{"rendered":"<p>Voleu promoure la lectura en veu alta en el vostre centre educatiu?\u00a0<a href=\"https:\/\/www.lecturaenveualta.cat\/\">Veualta<\/a> us dona aquesta oportunitat, a trav\u00e9s de la participaci\u00f3 en el Certamen de Lectura en Veu Alta. \u00c9s un projecte del Grup Enciclope\u0300dia Catalana que te\u0301 la missio\u0301 de promoure la literatura&hellip;  <a href=\"https:\/\/projectes.xtec.cat\/tilc\/novetats\/obert-el-periode-dinscripcio-al-certament-de-lectura-en-veu-alta\/\" title=\"Read Obert el per\u00edode d&#8217;inscripci\u00f3 al Certamen de lectura en veu alta\">Llegeix m\u00e9s\u00bb<\/a><\/p>\n","protected":false},"author":9,"featured_media":11915,"comment_status":"open","ping_status":"closed","sticky":false,"template":"","format":"standard","meta":{"_bbp_topic_count":0,"_bbp_reply_count":0,"_bbp_total_topic_count":0,"_bbp_total_reply_count":0,"_bbp_voice_count":0,"_bbp_anonymous_reply_count":0,"_bbp_topic_count_hidden":0,"_bbp_reply_count_hidden":0,"_bbp_forum_subforum_count":0,"footnotes":""},"categories":[313],"tags":[],"class_list":["post-11914","post","type-post","status-publish","format-standard","has-post-thumbnail","hentry","category-novetats"],"post_mailing_queue_ids":[],"_links":{"self":[{"href":"https:\/\/projectes.xtec.cat\/tilc\/wp-json\/wp\/v2\/posts\/11914","targetHints":{"allow":["GET"]}}],"collection":[{"href":"https:\/\/projectes.xtec.cat\/tilc\/wp-json\/wp\/v2\/posts"}],"about":[{"href":"https:\/\/projectes.xtec.cat\/tilc\/wp-json\/wp\/v2\/types\/post"}],"author":[{"embeddable":true,"href":"https:\/\/projectes.xtec.cat\/tilc\/wp-json\/wp\/v2\/users\/9"}],"replies":[{"embeddable":true,"href":"https:\/\/projectes.xtec.cat\/tilc\/wp-json\/wp\/v2\/comments?post=11914"}],"version-history":[{"count":4,"href":"https:\/\/projectes.xtec.cat\/tilc\/wp-json\/wp\/v2\/posts\/11914\/revisions"}],"predecessor-version":[{"id":11917,"href":"https:\/\/projectes.xtec.cat\/tilc\/wp-json\/wp\/v2\/posts\/11914\/revisions\/11917"}],"wp:featuredmedia":[{"embeddable":true,"href":"https:\/\/projectes.xtec.cat\/tilc\/wp-json\/wp\/v2\/media\/11915"}],"wp:attachment":[{"href":"https:\/\/projectes.xtec.cat\/tilc\/wp-json\/wp\/v2\/media?parent=11914"}],"wp:term":[{"taxonomy":"category","embeddable":true,"href":"https:\/\/projectes.xtec.cat\/tilc\/wp-json\/wp\/v2\/categories?post=11914"},{"taxonomy":"post_tag","embeddable":true,"href":"https:\/\/projectes.xtec.cat\/tilc\/wp-json\/wp\/v2\/tags?post=11914"}],"curies":[{"name":"wp","href":"https:\/\/api.w.org\/{rel}","templated":true}]}}