{"id":11968,"date":"2024-01-12T19:19:30","date_gmt":"2024-01-12T18:19:30","guid":{"rendered":"https:\/\/projectes.xtec.cat\/tilc\/?p=11968"},"modified":"2024-01-12T19:19:55","modified_gmt":"2024-01-12T18:19:55","slug":"us-fem-recordatori-del-termini-dinscripcio-al-concurs-el-gust-per-la-lectura-categoria-llegim-ciencia","status":"publish","type":"post","link":"https:\/\/projectes.xtec.cat\/tilc\/novetats\/us-fem-recordatori-del-termini-dinscripcio-al-concurs-el-gust-per-la-lectura-categoria-llegim-ciencia\/","title":{"rendered":"Us fem recordatori del termini d&#8217;inscripci\u00f3 al concurs &#8220;El gust per la lectura&#8221;, categoria &#8220;Llegim ci\u00e8ncia&#8221;"},"content":{"rendered":"<p>El dia 19 de gener finalitza el termini per dur a terme la inscripci\u00f3 al Concurs &#8220;El gust per la lectura&#8221;. A la Categoria D i E trobareu la modalitat Llegim Ci\u00e8ncia.<\/p>\n<p>Al llarg del mes de novembre es van dur a terme els tallers, en els quals van participar professorat dels \u00e0mbits cient\u00edfico-tecnol\u00f2gic, matem\u00e0tic i ling\u00fc\u00edstic. En els mateixos es van desenvolupar els clubs de lectura centrats en cadascuna de les obres, i es van poder compartir propostes per impulsar la lectura i l&#8217;aprenentatge de les ci\u00e8ncies a les aules de secund\u00e0ria.<\/p>\n<p>Ara arriba el moment de poder presentar les activitats que heu desenvolupat amb el vostre alumnat.<\/p>\n<p>Us encoratgem a presentar-les al concurs i difondre-les, perqu\u00e8 esdevenen models de bones pr\u00e0ctiques.<\/p>\n<p>Us enllacem la <a href=\"https:\/\/projectes.xtec.cat\/tilc\/general\/obert-el-termini-dinscripcio-al-concurs-el-gust-per-la-lectura-llegim-ciencia\/\">not\u00edcia<\/a> de l&#8217;inici de la inscripci\u00f3, on trobareu l&#8217;acc\u00e9s a tots els materials.<\/p>\n<p>Tamb\u00e9 us facilitem l&#8217;acc\u00e9s al nodes de <a href=\"https:\/\/projectes.xtec.cat\/educacio-literaria\/general\/darrers-dies-per-inscriure-us-al-xxix-concurs-el-gust-per-la-lectura\/\">Compet\u00e8ncia Liter\u00e0ria<\/a> on trobareu informaci\u00f3 \u00fatil per dur a terme la inscripci\u00f3.<\/p>\n<p>Ara nom\u00e9s cal que us inscriviu. A partir de l&#8217;11 de mar\u00e7 podreu presentar els treballs realitzats pel vostre alumnat.<\/p>\n<p>Podeu clicar en la imatge per accedir a tota la informaci\u00f3:<\/p>\n<div style=\"width: 70%;\">\n<div style=\"position: relative; padding-bottom: 101.13851992409867%; padding-top: 0; height: 0;\"><iframe loading=\"lazy\" style=\"position: absolute; top: 0; left: 0; width: 100%; height: 100%;\" title=\"XXIX Concurs\" src=\"https:\/\/view.genial.ly\/5ffef2a1fbb1810d15725746\" width=\"368px\" height=\"373px\" frameborder=\"0\" scrolling=\"yes\" allowfullscreen=\"allowfullscreen\"><\/iframe><\/div>\n<\/div>\n","protected":false},"excerpt":{"rendered":"<p>El dia 19 de gener finalitza el termini per dur a terme la inscripci\u00f3 al Concurs &#8220;El gust per la lectura&#8221;. A la Categoria D i E trobareu la modalitat Llegim Ci\u00e8ncia.<br \/>\nAl llarg del mes de novembre es van dur a terme els tallers, en&hellip;  <a href=\"https:\/\/projectes.xtec.cat\/tilc\/novetats\/us-fem-recordatori-del-termini-dinscripcio-al-concurs-el-gust-per-la-lectura-categoria-llegim-ciencia\/\" title=\"Read Us fem recordatori del termini d&#8217;inscripci\u00f3 al concurs &#8220;El gust per la lectura&#8221;, categoria &#8220;Llegim ci\u00e8ncia&#8221;\">Llegeix m\u00e9s\u00bb<\/a><\/p>\n","protected":false},"author":9,"featured_media":11934,"comment_status":"open","ping_status":"closed","sticky":false,"template":"","format":"standard","meta":{"_bbp_topic_count":0,"_bbp_reply_count":0,"_bbp_total_topic_count":0,"_bbp_total_reply_count":0,"_bbp_voice_count":0,"_bbp_anonymous_reply_count":0,"_bbp_topic_count_hidden":0,"_bbp_reply_count_hidden":0,"_bbp_forum_subforum_count":0,"footnotes":""},"categories":[313],"tags":[],"class_list":["post-11968","post","type-post","status-publish","format-standard","has-post-thumbnail","hentry","category-novetats"],"post_mailing_queue_ids":[],"_links":{"self":[{"href":"https:\/\/projectes.xtec.cat\/tilc\/wp-json\/wp\/v2\/posts\/11968","targetHints":{"allow":["GET"]}}],"collection":[{"href":"https:\/\/projectes.xtec.cat\/tilc\/wp-json\/wp\/v2\/posts"}],"about":[{"href":"https:\/\/projectes.xtec.cat\/tilc\/wp-json\/wp\/v2\/types\/post"}],"author":[{"embeddable":true,"href":"https:\/\/projectes.xtec.cat\/tilc\/wp-json\/wp\/v2\/users\/9"}],"replies":[{"embeddable":true,"href":"https:\/\/projectes.xtec.cat\/tilc\/wp-json\/wp\/v2\/comments?post=11968"}],"version-history":[{"count":1,"href":"https:\/\/projectes.xtec.cat\/tilc\/wp-json\/wp\/v2\/posts\/11968\/revisions"}],"predecessor-version":[{"id":11969,"href":"https:\/\/projectes.xtec.cat\/tilc\/wp-json\/wp\/v2\/posts\/11968\/revisions\/11969"}],"wp:featuredmedia":[{"embeddable":true,"href":"https:\/\/projectes.xtec.cat\/tilc\/wp-json\/wp\/v2\/media\/11934"}],"wp:attachment":[{"href":"https:\/\/projectes.xtec.cat\/tilc\/wp-json\/wp\/v2\/media?parent=11968"}],"wp:term":[{"taxonomy":"category","embeddable":true,"href":"https:\/\/projectes.xtec.cat\/tilc\/wp-json\/wp\/v2\/categories?post=11968"},{"taxonomy":"post_tag","embeddable":true,"href":"https:\/\/projectes.xtec.cat\/tilc\/wp-json\/wp\/v2\/tags?post=11968"}],"curies":[{"name":"wp","href":"https:\/\/api.w.org\/{rel}","templated":true}]}}