{"id":11983,"date":"2024-02-19T14:01:41","date_gmt":"2024-02-19T13:01:41","guid":{"rendered":"https:\/\/projectes.xtec.cat\/tilc\/?p=11983"},"modified":"2024-02-19T14:02:12","modified_gmt":"2024-02-19T13:02:12","slug":"convocat-el-ii-certamen-de-lectura-en-veu-alta-per-a-joves","status":"publish","type":"post","link":"https:\/\/projectes.xtec.cat\/tilc\/novetats\/convocat-el-ii-certamen-de-lectura-en-veu-alta-per-a-joves\/","title":{"rendered":"Convocat el II Certamen de Lectura en\u00a0Veu\u00a0Alta\u00a0per a Joves"},"content":{"rendered":"<p>VeuAlta, projecte de la Fundaci\u00f3 Enciclop\u00e8dia, comprom\u00e8s amb la difusi\u00f3 i la promoci\u00f3 de la llengua i la cultura catalanes, i amb la col\u00b7laboraci\u00f3 de les quatre universitats p\u00fabliques (UAB, UB, IPF i UPC que conformen Alian\u00e7a de Barcelona pel Coneixement), convoca el <b>II Certamen de Lectura en\u00a0<span class=\"il\">Veu<\/span>\u00a0<span class=\"il\">Alta<\/span>\u00a0per a Joves per acostar el catal\u00e0 i l\u2019h\u00e0bit de la lectura a aquest col\u00b7lectiu.<\/b><\/p>\n<p>Sota l\u2019esl\u00f2gan\u00a0<i><b>Al\u00e7a la\u00a0<span class=\"il\">veu<\/span>!<\/b><\/i>, la segona edici\u00f3 del certamen obre el termini d&#8217;inscripci\u00f3 fins al 15 de mar\u00e7. Els joves d\u2019entre 16 i 25 anys podran fer arribar, de manera individual, un v\u00eddeo llegint en <span class=\"il\">veu<\/span>\u00a0<span class=\"il\">alta<\/span>\u00a0un text de prosa o poesia en catal\u00e0.<\/p>\n<p>Aprofitem per recuperar un breu reportatge que va emetre TV3 en el TN del 19 d&#8217;abril i que parla dels beneficis de llegir en veu alta.<\/p>\n<p><iframe loading=\"lazy\" title=\"YouTube video player\" src=\"\/\/www.youtube.com\/embed\/O8xsQ3RY-ek?si=B3jMsz43m-xxjiLd\" width=\"560\" height=\"315\" frameborder=\"0\" allowfullscreen=\"allowfullscreen\"><\/iframe><\/p>\n<p>Us enllacem l&#8217;<a href=\"https:\/\/www.lecturaenveualta.cat\/certamen-de-lectura-en-veu-alta-joves\/?inf_contact_key=bf3015a413e20da8ffb8261a6f79fbe17e470d92b8b75168d98a0b8cac0e9c09\">acc\u00e9s a tota la informaci\u00f3 sobre el certamen<\/a>, que trobareu a la web de <a href=\"https:\/\/www.lecturaenveualta.cat\/\">VeuAlta<\/a><\/p>\n<p>Animeu el vostre alumnat a participar-hi!!<\/p>\n<p><a href=\"https:\/\/projectes.xtec.cat\/tilc\/wp-content\/uploads\/usu2098\/2024\/02\/Veu-alta_certament-de-lectura-juvenil.png\"><img loading=\"lazy\" decoding=\"async\" class=\"aligncenter size-full wp-image-11984\" src=\"https:\/\/projectes.xtec.cat\/tilc\/wp-content\/uploads\/usu2098\/2024\/02\/Veu-alta_certament-de-lectura-juvenil.png\" alt=\"\" width=\"586\" height=\"220\" srcset=\"https:\/\/projectes.xtec.cat\/tilc\/wp-content\/uploads\/usu2098\/2024\/02\/Veu-alta_certament-de-lectura-juvenil.png 586w, https:\/\/projectes.xtec.cat\/tilc\/wp-content\/uploads\/usu2098\/2024\/02\/Veu-alta_certament-de-lectura-juvenil-300x113.png 300w\" sizes=\"auto, (max-width: 586px) 100vw, 586px\" \/><\/a><\/p>\n","protected":false},"excerpt":{"rendered":"<p>VeuAlta, projecte de la Fundaci\u00f3 Enciclop\u00e8dia, comprom\u00e8s amb la difusi\u00f3 i la promoci\u00f3 de la llengua i la cultura catalanes, i amb la col\u00b7laboraci\u00f3 de les quatre universitats p\u00fabliques (UAB, UB, IPF i UPC que conformen Alian\u00e7a de Barcelona pel Coneixement), convoca el II Certamen&hellip;  <a href=\"https:\/\/projectes.xtec.cat\/tilc\/novetats\/convocat-el-ii-certamen-de-lectura-en-veu-alta-per-a-joves\/\" title=\"Read Convocat el II Certamen de Lectura en\u00a0Veu\u00a0Alta\u00a0per a Joves\">Llegeix m\u00e9s\u00bb<\/a><\/p>\n","protected":false},"author":9,"featured_media":11984,"comment_status":"open","ping_status":"closed","sticky":false,"template":"","format":"standard","meta":{"_bbp_topic_count":0,"_bbp_reply_count":0,"_bbp_total_topic_count":0,"_bbp_total_reply_count":0,"_bbp_voice_count":0,"_bbp_anonymous_reply_count":0,"_bbp_topic_count_hidden":0,"_bbp_reply_count_hidden":0,"_bbp_forum_subforum_count":0,"footnotes":""},"categories":[313],"tags":[473,343,472],"class_list":["post-11983","post","type-post","status-publish","format-standard","has-post-thumbnail","hentry","category-novetats","tag-certamen","tag-oralitat","tag-veu-alta"],"post_mailing_queue_ids":[],"_links":{"self":[{"href":"https:\/\/projectes.xtec.cat\/tilc\/wp-json\/wp\/v2\/posts\/11983","targetHints":{"allow":["GET"]}}],"collection":[{"href":"https:\/\/projectes.xtec.cat\/tilc\/wp-json\/wp\/v2\/posts"}],"about":[{"href":"https:\/\/projectes.xtec.cat\/tilc\/wp-json\/wp\/v2\/types\/post"}],"author":[{"embeddable":true,"href":"https:\/\/projectes.xtec.cat\/tilc\/wp-json\/wp\/v2\/users\/9"}],"replies":[{"embeddable":true,"href":"https:\/\/projectes.xtec.cat\/tilc\/wp-json\/wp\/v2\/comments?post=11983"}],"version-history":[{"count":1,"href":"https:\/\/projectes.xtec.cat\/tilc\/wp-json\/wp\/v2\/posts\/11983\/revisions"}],"predecessor-version":[{"id":11985,"href":"https:\/\/projectes.xtec.cat\/tilc\/wp-json\/wp\/v2\/posts\/11983\/revisions\/11985"}],"wp:featuredmedia":[{"embeddable":true,"href":"https:\/\/projectes.xtec.cat\/tilc\/wp-json\/wp\/v2\/media\/11984"}],"wp:attachment":[{"href":"https:\/\/projectes.xtec.cat\/tilc\/wp-json\/wp\/v2\/media?parent=11983"}],"wp:term":[{"taxonomy":"category","embeddable":true,"href":"https:\/\/projectes.xtec.cat\/tilc\/wp-json\/wp\/v2\/categories?post=11983"},{"taxonomy":"post_tag","embeddable":true,"href":"https:\/\/projectes.xtec.cat\/tilc\/wp-json\/wp\/v2\/tags?post=11983"}],"curies":[{"name":"wp","href":"https:\/\/api.w.org\/{rel}","templated":true}]}}