{"id":11987,"date":"2024-03-18T09:43:36","date_gmt":"2024-03-18T08:43:36","guid":{"rendered":"https:\/\/projectes.xtec.cat\/tilc\/?p=11987"},"modified":"2024-03-18T09:53:47","modified_gmt":"2024-03-18T08:53:47","slug":"obert-el-termini-per-inscriures-al-concurs-de-nanorelats-que-organitza-la-universitat-de-barcelona","status":"publish","type":"post","link":"https:\/\/projectes.xtec.cat\/tilc\/novetats\/obert-el-termini-per-inscriures-al-concurs-de-nanorelats-que-organitza-la-universitat-de-barcelona\/","title":{"rendered":"Obert el termini per inscriure&#8217;s al Concurs de nanorelats que organitza la Universitat de Barcelona"},"content":{"rendered":"<p>El Consejo Superior de Investigaciones Cient\u00edficas (CSIC) ha convocat, a nivell estatal i internacional, un concurs de relats sobre nanoci\u00e8ncia, que s&#8217;emmarca en el IX Festival de Nanoci\u00e8ncia i Nanotecnologia 10ALAMENOS9. La primera fase a Catalunya est\u00e0 organitzada per la Universitat de Barcelona, juntament amb una s\u00e8rie d&#8217;entitats interessades a fomentar l&#8217;inter\u00e8s per la ci\u00e8ncia i, especialment, per la nanoci\u00e8ncia i la nanotecnologia.<\/p>\n<p>El lema del concurs \u00e9s: <strong>CABEN MOLTES HIST\u00d2RIES AL NANOM\u00d3N: ENS LES EXPLIQUES?<\/strong><\/p>\n<p>El concurs s\u2019adre\u00e7a a l\u2019alumnat de 3r i 4t d\u2019ESO, Cicles Formatius i Batxillerat, i consisteix a presentar un relat in\u00e8dit, d\u2019una extensi\u00f3 m\u00e0xima de 200 paraules, relacionat amb la nanoci\u00e8ncia i la nanotecnologia. Tamb\u00e9 s\u2019hi pot concursar amb un poema o la lletra d\u2019una can\u00e7\u00f3, sempre que l\u2019escrit estigui relacionat amb la nanoci\u00e8ncia i la nanotecnologia.<\/p>\n<p>La fase a Catalunya t\u00e9 com a data l\u00edmit per a l&#8217;enviament l&#8217;11 de maig de 2024 (dia del naixement del f\u00edsic Richard Feynman). Podeu accedir al <span style=\"color: #800000;\"><strong><a style=\"color: #800000;\" href=\"https:\/\/docs.google.com\/forms\/d\/e\/1FAIpQLScf_mJ-K-eQvpqZp0ExGBN49izbOH9w3q8koEmoQxFOx9AmDQ\/viewform\">formulari d&#8217;inscripci\u00f3<\/a>.<\/strong><\/span><\/p>\n<p>Podeu trobar les bases <span style=\"color: #800000;\"><a style=\"color: #800000;\" href=\"https:\/\/www.ub.edu\/idp\/web\/sites\/default\/files\/docs\/59435-Concurs%20Relats%202024-BasesCATv2.pdf\"><strong>en aquest enlla\u00e7<\/strong><\/a>.<\/span> Hi ha previstos premis per a l\u2019alumnat i per al centre, i se certificar\u00e0 amb 5 hores de formaci\u00f3 la participaci\u00f3 del professorat, que haur\u00e0 d\u2019assistir a una sessi\u00f3 en l\u00ednia.<\/p>\n<p>Us animem a participar-hi amb el vostre alumnat, creant relats cient\u00edfics en llengua catalana!<\/p>\n<p><a href=\"https:\/\/projectes.xtec.cat\/tilc\/wp-content\/uploads\/usu2098\/2022\/03\/Concurs-nanorelats.jpg\"><img loading=\"lazy\" decoding=\"async\" class=\"aligncenter size-full wp-image-11026\" src=\"https:\/\/projectes.xtec.cat\/tilc\/wp-content\/uploads\/usu2098\/2022\/03\/Concurs-nanorelats.jpg\" alt=\"Logo 10 a la menos 9\" width=\"540\" height=\"378\" srcset=\"https:\/\/projectes.xtec.cat\/tilc\/wp-content\/uploads\/usu2098\/2022\/03\/Concurs-nanorelats.jpg 540w, https:\/\/projectes.xtec.cat\/tilc\/wp-content\/uploads\/usu2098\/2022\/03\/Concurs-nanorelats-300x210.jpg 300w\" sizes=\"auto, (max-width: 540px) 100vw, 540px\" \/><\/a><\/p>\n<header class=\"news__header\">\u00a0<\/header>\n<p>&nbsp;<\/p>\n<p>Enlla\u00e7 al<a href=\"https:\/\/www.ub.edu\/gidp-matice\/faces\/formatice;jsessionid=Z9hQivq5ThvnG_jqVpvDw4M21PrhwVJ--9XKdgLAd1STfo8kYkwj!165198909?curs=59435\"> formulari d&#8217;inscripci\u00f3<\/a>.<\/p>\n","protected":false},"excerpt":{"rendered":"<p>El Consejo Superior de Investigaciones Cient\u00edficas (CSIC) ha convocat, a nivell estatal i internacional, un concurs de relats sobre nanoci\u00e8ncia, que s&#8217;emmarca en el IX Festival de Nanoci\u00e8ncia i Nanotecnologia 10ALAMENOS9. La primera fase a Catalunya est\u00e0 organitzada per la Universitat de Barcelona, juntament amb&hellip;  <a href=\"https:\/\/projectes.xtec.cat\/tilc\/novetats\/obert-el-termini-per-inscriures-al-concurs-de-nanorelats-que-organitza-la-universitat-de-barcelona\/\" title=\"Read Obert el termini per inscriure&#8217;s al Concurs de nanorelats que organitza la Universitat de Barcelona\">Llegeix m\u00e9s\u00bb<\/a><\/p>\n","protected":false},"author":9,"featured_media":11026,"comment_status":"open","ping_status":"closed","sticky":false,"template":"","format":"standard","meta":{"_bbp_topic_count":0,"_bbp_reply_count":0,"_bbp_total_topic_count":0,"_bbp_total_reply_count":0,"_bbp_voice_count":0,"_bbp_anonymous_reply_count":0,"_bbp_topic_count_hidden":0,"_bbp_reply_count_hidden":0,"_bbp_forum_subforum_count":0,"footnotes":""},"categories":[313],"tags":[],"class_list":["post-11987","post","type-post","status-publish","format-standard","has-post-thumbnail","hentry","category-novetats"],"post_mailing_queue_ids":[],"_links":{"self":[{"href":"https:\/\/projectes.xtec.cat\/tilc\/wp-json\/wp\/v2\/posts\/11987","targetHints":{"allow":["GET"]}}],"collection":[{"href":"https:\/\/projectes.xtec.cat\/tilc\/wp-json\/wp\/v2\/posts"}],"about":[{"href":"https:\/\/projectes.xtec.cat\/tilc\/wp-json\/wp\/v2\/types\/post"}],"author":[{"embeddable":true,"href":"https:\/\/projectes.xtec.cat\/tilc\/wp-json\/wp\/v2\/users\/9"}],"replies":[{"embeddable":true,"href":"https:\/\/projectes.xtec.cat\/tilc\/wp-json\/wp\/v2\/comments?post=11987"}],"version-history":[{"count":6,"href":"https:\/\/projectes.xtec.cat\/tilc\/wp-json\/wp\/v2\/posts\/11987\/revisions"}],"predecessor-version":[{"id":11990,"href":"https:\/\/projectes.xtec.cat\/tilc\/wp-json\/wp\/v2\/posts\/11987\/revisions\/11990"}],"wp:featuredmedia":[{"embeddable":true,"href":"https:\/\/projectes.xtec.cat\/tilc\/wp-json\/wp\/v2\/media\/11026"}],"wp:attachment":[{"href":"https:\/\/projectes.xtec.cat\/tilc\/wp-json\/wp\/v2\/media?parent=11987"}],"wp:term":[{"taxonomy":"category","embeddable":true,"href":"https:\/\/projectes.xtec.cat\/tilc\/wp-json\/wp\/v2\/categories?post=11987"},{"taxonomy":"post_tag","embeddable":true,"href":"https:\/\/projectes.xtec.cat\/tilc\/wp-json\/wp\/v2\/tags?post=11987"}],"curies":[{"name":"wp","href":"https:\/\/api.w.org\/{rel}","templated":true}]}}