{"id":12040,"date":"2024-07-01T09:28:26","date_gmt":"2024-07-01T07:28:26","guid":{"rendered":"https:\/\/projectes.xtec.cat\/tilc\/?p=12040"},"modified":"2024-07-01T09:30:50","modified_gmt":"2024-07-01T07:30:50","slug":"novella-juvenil-de-matematiques-al-gust-per-la-lectura-del-curs-2024-2025","status":"publish","type":"post","link":"https:\/\/projectes.xtec.cat\/tilc\/novetats\/novella-juvenil-de-matematiques-al-gust-per-la-lectura-del-curs-2024-2025\/","title":{"rendered":"Novel\u00b7la juvenil de Mat\u00e8matiques al Gust per la lectura del curs 2024-2025"},"content":{"rendered":"<p>Com cada curs escolar, el programa El gust per la lectura us presenta les<a href=\"https:\/\/xtec.gencat.cat\/ca\/projectes\/lectura\/gustperlalectura\/concurs\/propostes-de-lectura\/\"> novel\u00b7les seleccionades<\/a> per cadascuna de les seves categories i eixos. Us enllacem les que es proposen per participar en el <a href=\"https:\/\/xtec.gencat.cat\/ca\/projectes\/lectura\/gustperlalectura\/concurs\/\">Concurs El gust per la lectura el curs 2024-2025<\/a>.<\/p>\n<p>Des del programa TILC, us presentem les novel\u00b7les juvenils que es proposen pel curs vinent dins l&#8217;eix Llegim ci\u00e8ncia, que aquest curs us apropen a les matem\u00e0tiques:<\/p>\n<p><strong>Educaci\u00f3 secund\u00e0ria obligat\u00f2ria (1r i 2n d&#8217;ESO)<\/strong><\/p>\n<ul>\n<li>Lichtman, Wendy. Secrets, mentides i matem\u00e0tiques. Estrella Polar, 2009<\/li>\n<\/ul>\n<p><a href=\"https:\/\/projectes.xtec.cat\/tilc\/wp-content\/uploads\/usu2098\/2024\/04\/Secrets-mentides-i-matematiques.png\"><img loading=\"lazy\" decoding=\"async\" class=\"aligncenter wp-image-12017\" src=\"https:\/\/projectes.xtec.cat\/tilc\/wp-content\/uploads\/usu2098\/2024\/04\/Secrets-mentides-i-matematiques.png\" alt=\"\" width=\"309\" height=\"461\" srcset=\"https:\/\/projectes.xtec.cat\/tilc\/wp-content\/uploads\/usu2098\/2024\/04\/Secrets-mentides-i-matematiques.png 594w, https:\/\/projectes.xtec.cat\/tilc\/wp-content\/uploads\/usu2098\/2024\/04\/Secrets-mentides-i-matematiques-201x300.png 201w\" sizes=\"auto, (max-width: 309px) 100vw, 309px\" \/><\/a><\/p>\n<p><strong>Educaci\u00f3 secund\u00e0ria obligat\u00f2ria (3r i 4t d\u2019ESO, GESO, CAM\u00a0 i PPACFGM)<\/strong><\/p>\n<ul>\n<li>Haddon, Mark. El curi\u00f3s incident del gos a mitjanit. La Magrana, 2003<\/li>\n<\/ul>\n<p><a href=\"https:\/\/projectes.xtec.cat\/tilc\/wp-content\/uploads\/usu2098\/2024\/04\/el-curios-incident-del-gos-a-mitja-nit.png\"><img loading=\"lazy\" decoding=\"async\" class=\"aligncenter size-full wp-image-12016\" src=\"https:\/\/projectes.xtec.cat\/tilc\/wp-content\/uploads\/usu2098\/2024\/04\/el-curios-incident-del-gos-a-mitja-nit.png\" alt=\"\" width=\"297\" height=\"451\" srcset=\"https:\/\/projectes.xtec.cat\/tilc\/wp-content\/uploads\/usu2098\/2024\/04\/el-curios-incident-del-gos-a-mitja-nit.png 297w, https:\/\/projectes.xtec.cat\/tilc\/wp-content\/uploads\/usu2098\/2024\/04\/el-curios-incident-del-gos-a-mitja-nit-198x300.png 198w\" sizes=\"auto, (max-width: 297px) 100vw, 297px\" \/><\/a><\/p>\n<p>Al setembre trobareu publicats els dossiers did\u00e0ctics i les guies docents per treballar aspectes matem\u00e0tics a l&#8217;aula.\u00a0 Us deixem enlla\u00e7ats els<a href=\"https:\/\/repositori.educacio.gencat.cat\/handle\/20.500.12694\/3743\"> materials de les edicions anteriors<\/a> de l&#8217;eix Llegim ci\u00e8ncia.<\/p>\n<p>Tamb\u00e9 podreu trobar, en l&#8217;oferta d&#8217;activitats formatives, els dos tallers del club de lectura, aquest curs adre\u00e7ades, no nom\u00e9s al professorat de l&#8217;\u00e0mbit cientificotecnol\u00f2gic, sin\u00f3 que tamb\u00e9 fem la crida al professorat de matem\u00e0tiques.<\/p>\n<table style=\"width: 83.195%; height: 142px;\" border=\"0\" width=\"675\" cellspacing=\"2\" cellpadding=\"0\">\n<tbody>\n<tr>\n<td style=\"width: 13.4857%;\" valign=\"TOP\"><\/td>\n<td style=\"width: 31.6571%;\" valign=\"TOP\"><\/td>\n<\/tr>\n<tr>\n<td style=\"width: 49.8286%;\" colspan=\"3\">\n<h3><span style=\"font-family: arial, helvetica, geneva; font-size: small;\"><b><a href=\"https:\/\/aplicacions.gestioeducativa.gencat.cat\/pls\/soloas\/pk_for_mod_ins.p_for_detall_activitat?p_header=Llista%20d%27activitats^pk_for_mod_ins.p_for_cons_activitats?p_any=2024-2025%26p_totes=N%26p_desc=gust%26p_inici=1%26p_excloure_crp_rec=T&amp;p_codi=9001330555&amp;p_curs=2024-2025&amp;p_excloure_crp_rec=T\">9001330555 &#8211; El Gust per la Lectura: llegir a classe de ci\u00e8ncies<\/a><\/b><\/span><\/h3>\n<\/td>\n<td style=\"width: 79.0857%;\" valign=\"TOP\">\n<h3><span style=\"font-family: arial, helvetica, geneva; font-size: xx-small;\">Taller. VT Curs a dist\u00e0ncia (A dist\u00e0ncia). Del dilluns 14\/10\/2024 al 11\/11\/2024 de 17:00 a 19:00<\/span><\/h3>\n<\/td>\n<\/tr>\n<tr>\n<td style=\"width: 13.4857%;\"><\/td>\n<td style=\"width: 31.6571%;\" valign=\"TOP\"><\/td>\n<td style=\"width: 4.68571%;\" valign=\"TOP\"><\/td>\n<td style=\"width: 79.0857%;\" valign=\"TOP\"><\/td>\n<\/tr>\n<tr>\n<td style=\"width: 49.8286%;\" colspan=\"3\">\n<h3><span style=\"font-family: arial, helvetica, geneva; font-size: small;\"><b><a href=\"https:\/\/aplicacions.gestioeducativa.gencat.cat\/pls\/soloas\/pk_for_mod_ins.p_for_detall_activitat?p_header=Llista%20d%27activitats^pk_for_mod_ins.p_for_cons_activitats?p_any=2024-2025%26p_totes=N%26p_desc=gust%26p_inici=1%26p_excloure_crp_rec=T&amp;p_codi=9001340555&amp;p_curs=2024-2025&amp;p_excloure_crp_rec=T\">9001340555 &#8211; El Gust per la Lectura: llegir a classe de ci\u00e8ncies<\/a><\/b><\/span><\/h3>\n<\/td>\n<td style=\"width: 79.0857%;\" valign=\"TOP\">\n<h3><span style=\"font-family: arial, helvetica, geneva; font-size: xx-small;\">Taller. VT Curs a dist\u00e0ncia (A dist\u00e0ncia). Del dilluns 14\/10\/2024 al 25\/11\/2024 de 17:00 a 19:00<\/span><\/h3>\n<\/td>\n<\/tr>\n<\/tbody>\n<\/table>\n<p>Esperem que engresqueu el vostre alumnat a llegir literatura juvenil tot aprenent matem\u00e0tiques.<\/p>\n","protected":false},"excerpt":{"rendered":"<p>Com cada curs escolar, el programa El gust per la lectura us presenta les<a href=\"https:\/\/xtec.gencat.cat\/ca\/projectes\/lectura\/gustperlalectura\/concurs\/propostes-de-lectura\/\"> novel\u00b7les seleccionades<\/a> per cadascuna de les seves categories i eixos. Us enllacem les que es proposen per participar en el <a href=\"https:\/\/xtec.gencat.cat\/ca\/projectes\/lectura\/gustperlalectura\/concurs\/\">Concurs El gust per la lectura el curs 2024-2025<\/a>.<br \/>\nDes&hellip;  <a href=\"https:\/\/projectes.xtec.cat\/tilc\/novetats\/novella-juvenil-de-matematiques-al-gust-per-la-lectura-del-curs-2024-2025\/\" title=\"Read Novel\u00b7la juvenil de Mat\u00e8matiques al Gust per la lectura del curs 2024-2025\">Llegeix m\u00e9s\u00bb<\/a><\/p>\n","protected":false},"author":9,"featured_media":11633,"comment_status":"open","ping_status":"closed","sticky":false,"template":"","format":"standard","meta":{"_bbp_topic_count":0,"_bbp_reply_count":0,"_bbp_total_topic_count":0,"_bbp_total_reply_count":0,"_bbp_voice_count":0,"_bbp_anonymous_reply_count":0,"_bbp_topic_count_hidden":0,"_bbp_reply_count_hidden":0,"_bbp_forum_subforum_count":0,"footnotes":""},"categories":[313],"tags":[381,451,385],"class_list":["post-12040","post","type-post","status-publish","format-standard","has-post-thumbnail","hentry","category-novetats","tag-ambit-matematic","tag-el-gust-per-la-lectura","tag-llegim-ciencia"],"post_mailing_queue_ids":[],"_links":{"self":[{"href":"https:\/\/projectes.xtec.cat\/tilc\/wp-json\/wp\/v2\/posts\/12040","targetHints":{"allow":["GET"]}}],"collection":[{"href":"https:\/\/projectes.xtec.cat\/tilc\/wp-json\/wp\/v2\/posts"}],"about":[{"href":"https:\/\/projectes.xtec.cat\/tilc\/wp-json\/wp\/v2\/types\/post"}],"author":[{"embeddable":true,"href":"https:\/\/projectes.xtec.cat\/tilc\/wp-json\/wp\/v2\/users\/9"}],"replies":[{"embeddable":true,"href":"https:\/\/projectes.xtec.cat\/tilc\/wp-json\/wp\/v2\/comments?post=12040"}],"version-history":[{"count":6,"href":"https:\/\/projectes.xtec.cat\/tilc\/wp-json\/wp\/v2\/posts\/12040\/revisions"}],"predecessor-version":[{"id":12047,"href":"https:\/\/projectes.xtec.cat\/tilc\/wp-json\/wp\/v2\/posts\/12040\/revisions\/12047"}],"wp:featuredmedia":[{"embeddable":true,"href":"https:\/\/projectes.xtec.cat\/tilc\/wp-json\/wp\/v2\/media\/11633"}],"wp:attachment":[{"href":"https:\/\/projectes.xtec.cat\/tilc\/wp-json\/wp\/v2\/media?parent=12040"}],"wp:term":[{"taxonomy":"category","embeddable":true,"href":"https:\/\/projectes.xtec.cat\/tilc\/wp-json\/wp\/v2\/categories?post=12040"},{"taxonomy":"post_tag","embeddable":true,"href":"https:\/\/projectes.xtec.cat\/tilc\/wp-json\/wp\/v2\/tags?post=12040"}],"curies":[{"name":"wp","href":"https:\/\/api.w.org\/{rel}","templated":true}]}}