{"id":12082,"date":"2025-01-07T20:12:24","date_gmt":"2025-01-07T19:12:24","guid":{"rendered":"https:\/\/projectes.xtec.cat\/tilc\/?p=12082"},"modified":"2025-01-07T20:26:56","modified_gmt":"2025-01-07T19:26:56","slug":"inici-de-les-inscripcions-al-segon-torn-de-formacio","status":"publish","type":"post","link":"https:\/\/projectes.xtec.cat\/tilc\/novetats\/inici-de-les-inscripcions-al-segon-torn-de-formacio\/","title":{"rendered":"Inici de les inscripcions al segon torn de formaci\u00f3"},"content":{"rendered":"<p>A partir d&#8217;avui, dia 7 de gener de 2025, ja us podeu inscriure a les activitats de formaci\u00f3 del segon torn del curs 2024-2025. Podeu consultar l&#8217;<a href=\"https:\/\/xtec.gencat.cat\/ca\/formacio\/formaciogeneralprofessorat\/llengues\/tractament-integrat-llengua-contingut-tilc\/\">activitat formativa del segon torn de l\u2019\u00e0mbit de Tractament Integrat de Llengua i Continguts (TILC) al web d\u2019xtec<\/a>. Es tracta d&#8217;una activitat que acredita 20 hores de formaci\u00f3 i us permet fer una introducci\u00f3 als aspectes b\u00e0sics del TILC. La formaci\u00f3 ofereix 4 sessions online amb formador.<\/p>\n<p>En aquesta infografia us presentem l&#8217;activitat <a href=\"https:\/\/aplicacions.gestioeducativa.gencat.cat\/ords\/pls\/soloas\/pk_for_mod_ins.p_for_detall_activitat?p_header=Llista%20d%27activitats^pk_for_mod_ins.p_for_cons_activitats?p_tipus_act=ETM,TSI,LCES,LCCC,ILCT,CLA1,CLA3,CLA4,CLAZ,CLA2,CEM1,CEM2,LOTC,CLCT,GIT2,TIUC%26p_totes=S%26p_inici=1%26p_excloure_crp_rec=F&amp;p_codi=9001470555&amp;p_curs=2024-2025&amp;p_excloure_crp_rec=F\">Integrar llengua i continguts al treball en totes les mat\u00e8ries per a la millora de resultats:<\/a><\/p>\n<p><a href=\"https:\/\/projectes.xtec.cat\/tilc\/wp-content\/uploads\/usu2098\/2025\/01\/5.png\"><img loading=\"lazy\" decoding=\"async\" class=\"aligncenter wp-image-12083\" src=\"https:\/\/projectes.xtec.cat\/tilc\/wp-content\/uploads\/usu2098\/2025\/01\/5.png\" alt=\"\" width=\"362\" height=\"512\" srcset=\"https:\/\/projectes.xtec.cat\/tilc\/wp-content\/uploads\/usu2098\/2025\/01\/5.png 1414w, https:\/\/projectes.xtec.cat\/tilc\/wp-content\/uploads\/usu2098\/2025\/01\/5-212x300.png 212w, https:\/\/projectes.xtec.cat\/tilc\/wp-content\/uploads\/usu2098\/2025\/01\/5-724x1024.png 724w, https:\/\/projectes.xtec.cat\/tilc\/wp-content\/uploads\/usu2098\/2025\/01\/5-768x1086.png 768w, https:\/\/projectes.xtec.cat\/tilc\/wp-content\/uploads\/usu2098\/2025\/01\/5-1086x1536.png 1086w\" sizes=\"auto, (max-width: 362px) 100vw, 362px\" \/><\/a><\/p>\n<p>Teniu temps fins al 15 de gener.<\/p>\n<p>Us hi esperem!<\/p>\n","protected":false},"excerpt":{"rendered":"<p>A partir d&#8217;avui, dia 7 de gener de 2025, ja us podeu inscriure a les activitats de formaci\u00f3 del segon torn del curs 2024-2025. Podeu consultar l&#8217;<a href=\"https:\/\/xtec.gencat.cat\/ca\/formacio\/formaciogeneralprofessorat\/llengues\/tractament-integrat-llengua-contingut-tilc\/\">activitat formativa del segon torn de l\u2019\u00e0mbit de Tractament Integrat de Llengua i Continguts (TILC) al web d\u2019xtec<\/a>.&hellip;  <a href=\"https:\/\/projectes.xtec.cat\/tilc\/novetats\/inici-de-les-inscripcions-al-segon-torn-de-formacio\/\" title=\"Read Inici de les inscripcions al segon torn de formaci\u00f3\">Llegeix m\u00e9s\u00bb<\/a><\/p>\n","protected":false},"author":9,"featured_media":12084,"comment_status":"open","ping_status":"closed","sticky":false,"template":"","format":"standard","meta":{"_bbp_topic_count":0,"_bbp_reply_count":0,"_bbp_total_topic_count":0,"_bbp_total_reply_count":0,"_bbp_voice_count":0,"_bbp_anonymous_reply_count":0,"_bbp_topic_count_hidden":0,"_bbp_reply_count_hidden":0,"_bbp_forum_subforum_count":0,"footnotes":""},"categories":[313],"tags":[],"class_list":["post-12082","post","type-post","status-publish","format-standard","has-post-thumbnail","hentry","category-novetats"],"post_mailing_queue_ids":[],"_links":{"self":[{"href":"https:\/\/projectes.xtec.cat\/tilc\/wp-json\/wp\/v2\/posts\/12082","targetHints":{"allow":["GET"]}}],"collection":[{"href":"https:\/\/projectes.xtec.cat\/tilc\/wp-json\/wp\/v2\/posts"}],"about":[{"href":"https:\/\/projectes.xtec.cat\/tilc\/wp-json\/wp\/v2\/types\/post"}],"author":[{"embeddable":true,"href":"https:\/\/projectes.xtec.cat\/tilc\/wp-json\/wp\/v2\/users\/9"}],"replies":[{"embeddable":true,"href":"https:\/\/projectes.xtec.cat\/tilc\/wp-json\/wp\/v2\/comments?post=12082"}],"version-history":[{"count":3,"href":"https:\/\/projectes.xtec.cat\/tilc\/wp-json\/wp\/v2\/posts\/12082\/revisions"}],"predecessor-version":[{"id":12089,"href":"https:\/\/projectes.xtec.cat\/tilc\/wp-json\/wp\/v2\/posts\/12082\/revisions\/12089"}],"wp:featuredmedia":[{"embeddable":true,"href":"https:\/\/projectes.xtec.cat\/tilc\/wp-json\/wp\/v2\/media\/12084"}],"wp:attachment":[{"href":"https:\/\/projectes.xtec.cat\/tilc\/wp-json\/wp\/v2\/media?parent=12082"}],"wp:term":[{"taxonomy":"category","embeddable":true,"href":"https:\/\/projectes.xtec.cat\/tilc\/wp-json\/wp\/v2\/categories?post=12082"},{"taxonomy":"post_tag","embeddable":true,"href":"https:\/\/projectes.xtec.cat\/tilc\/wp-json\/wp\/v2\/tags?post=12082"}],"curies":[{"name":"wp","href":"https:\/\/api.w.org\/{rel}","templated":true}]}}