{"id":12109,"date":"2025-05-16T13:37:16","date_gmt":"2025-05-16T11:37:16","guid":{"rendered":"https:\/\/projectes.xtec.cat\/tilc\/?p=12109"},"modified":"2025-06-11T08:48:03","modified_gmt":"2025-06-11T06:48:03","slug":"cataleg-de-formacions-tilc-per-al-curs-2025-2026","status":"publish","type":"post","link":"https:\/\/projectes.xtec.cat\/tilc\/novetats\/cataleg-de-formacions-tilc-per-al-curs-2025-2026\/","title":{"rendered":"Cat\u00e0leg de formacions TILC per al curs 2025-2026"},"content":{"rendered":"<p>Com anem fent curs rere curs, publiquem el cat\u00e0leg de formacions per al curs vinent.<\/p>\n<p>Trobareu formacions adre\u00e7ades a centres i altres que s&#8217;ofereixen al professorat de secund\u00e0ria.<\/p>\n<p>D&#8217;entre les formacions que podreu trobar, hi ha:<\/p>\n<ul>\n<li>Formacions en centre de compet\u00e8ncia lectora, escriptura i oralitat en totes les mat\u00e8ries: l&#8217;objectiu d&#8217;aquestes formacions \u00e9s refor\u00e7ar la vessant comunicativa de les mat\u00e8ries del curr\u00edculum per assolir millors resultats acad\u00e8mics i donar resposta a la compet\u00e8ncia clau en comunicaci\u00f3 ling\u00fc\u00edstica. Els recursos i estrat\u00e8gies que es presenten s&#8217;adrecen, tamb\u00e9, a l&#8217;atenci\u00f3 educativa d&#8217;alumnat d&#8217;origen estranger que fan la transici\u00f3 de l&#8217;aula d&#8217;acollida a l&#8217;aula ordin\u00e0ria, orientant la intervenci\u00f3 docent cap al suport ling\u00fc\u00edstic.<\/li>\n<li>Formacions telem\u00e0tiques adre\u00e7ades a professorat de secund\u00e0ria, que es poden cursar a t\u00edtol individual, per millorar les compet\u00e8ncies docents en la planificaci\u00f3 de propostes did\u00e0ctiques que integrin les compet\u00e8ncies comunicatives en les seves mat\u00e8ries. Es tracta de generar suports i bastides per a l&#8217;aprenentatge del discurs disciplinari i garantir l&#8217;aprenentatge de vocabulari acad\u00e8mic i de les estructures ling\u00fc\u00edstiques pr\u00f2pies de cada mat\u00e8ria. Aquestes formacions estan dirigides per una persona formadora que s&#8217;adapta a les propostes dels professors de mat\u00e8ria. \u00c9s a dir, el professorat presenta tasques i fa intervencions directament vinculades amb la seva especialitat, i la persona formadora adapta el seu retorn. L&#8217;objectiu \u00e9s que cada docent, independenment de la seva especialitat, trobi recursos adequats a les seves necessitats. <strong>Les inscripcions s&#8217;obriran en el per\u00edode ordinari de cada torn de formaci\u00f3.<\/strong><\/li>\n<li>Tallers divulgatius sobre el Tractament Integrat de Llengua i continguts, que s&#8217;aniran oferint al llarg del curs, d&#8217;una durada de dues sessions i amb contingut monogr\u00e0fic, que esperem que siguin del vostre inter\u00e8s.<\/li>\n<\/ul>\n<p>Tota l&#8217;oferta formativa dona l&#8217;oportunitat d&#8217;acumular les hores de formaci\u00f3 per acreditar els perfils de Lectura i biblioteca escolar o d&#8217;Immersi\u00f3 i suport ling\u00fc\u00edstic.<\/p>\n<p>El programa de Tractament Integrat de Llengua i Continguts tamb\u00e9 desenvolupa la seva tasca a trav\u00e9s de la <a href=\"https:\/\/xtec.gencat.cat\/ca\/formacio\/formaciogeneralprofessorat\/llengues\/competencia-lectora\/xarxa-de-competencia-lectora\/\">Xarxa de Compet\u00e8ncia Lectora<\/a> i el <a href=\"https:\/\/xtec.gencat.cat\/ca\/projectes\/plurilinguisme\/metodologies\/tilc\/immersiolinguistica\/pla\/\">pla d&#8217;actualitzaci\u00f3 de la Immersi\u00f3 Ling\u00fc\u00edstica<\/a>.<\/p>\n<p>Si esteu interessats en les nostres formacions, podeu contactar amb nosaltres a trav\u00e9s del correu electr\u00f2nic (llenguaicontinguts@xtec.cat) o, si hi esteu interessats com a centre, a trav\u00e9s del vostre assessor LIC de zona.<\/p>\n<p>Podeu accedir al cat\u00e0leg clicant en la imatge:<\/p>\n<p><a href=\"https:\/\/projectes.xtec.cat\/tilc\/wp-content\/uploads\/usu2098\/2025\/06\/Formacio-2025-26_Carta-de-productes-TILC-3.pdf\" target=\"_blank\" rel=\"noopener\"><img loading=\"lazy\" decoding=\"async\" class=\"aligncenter wp-image-12111 size-large\" src=\"https:\/\/projectes.xtec.cat\/tilc\/wp-content\/uploads\/usu2098\/2025\/05\/Formacio-2025-26_Carta-de-productes-TILC-724x1024.jpg\" alt=\"\" width=\"724\" height=\"1024\" srcset=\"https:\/\/projectes.xtec.cat\/tilc\/wp-content\/uploads\/usu2098\/2025\/05\/Formacio-2025-26_Carta-de-productes-TILC-724x1024.jpg 724w, https:\/\/projectes.xtec.cat\/tilc\/wp-content\/uploads\/usu2098\/2025\/05\/Formacio-2025-26_Carta-de-productes-TILC-212x300.jpg 212w, https:\/\/projectes.xtec.cat\/tilc\/wp-content\/uploads\/usu2098\/2025\/05\/Formacio-2025-26_Carta-de-productes-TILC-768x1086.jpg 768w, https:\/\/projectes.xtec.cat\/tilc\/wp-content\/uploads\/usu2098\/2025\/05\/Formacio-2025-26_Carta-de-productes-TILC-1086x1536.jpg 1086w, https:\/\/projectes.xtec.cat\/tilc\/wp-content\/uploads\/usu2098\/2025\/05\/Formacio-2025-26_Carta-de-productes-TILC.jpg 1414w\" sizes=\"auto, (max-width: 724px) 100vw, 724px\" \/><\/a><\/p>\n<p>&nbsp;<\/p>\n","protected":false},"excerpt":{"rendered":"<p>Com anem fent curs rere curs, publiquem el cat\u00e0leg de formacions per al curs vinent.<br \/>\nTrobareu formacions adre\u00e7ades a centres i altres que s&#8217;ofereixen al professorat de secund\u00e0ria.<br \/>\nD&#8217;entre les formacions que podreu trobar, hi ha:<\/p>\n<ul>\n<li>Formacions en centre de compet\u00e8ncia lectora, escriptura i oralitat en totes les&hellip;  <a href=\"https:\/\/projectes.xtec.cat\/tilc\/novetats\/cataleg-de-formacions-tilc-per-al-curs-2025-2026\/\" title=\"Read Cat\u00e0leg de formacions TILC per al curs 2025-2026\">Llegeix m\u00e9s\u00bb<\/a><br \/>\n","protected":false},"author":9,"featured_media":12111,"comment_status":"open","ping_status":"closed","sticky":true,"template":"","format":"standard","meta":{"_bbp_topic_count":0,"_bbp_reply_count":0,"_bbp_total_topic_count":0,"_bbp_total_reply_count":0,"_bbp_voice_count":0,"_bbp_anonymous_reply_count":0,"_bbp_topic_count_hidden":0,"_bbp_reply_count_hidden":0,"_bbp_forum_subforum_count":0,"footnotes":""},"categories":[313],"tags":[],"class_list":["post-12109","post","type-post","status-publish","format-standard","has-post-thumbnail","hentry","category-novetats"],"post_mailing_queue_ids":[],"_links":{"self":[{"href":"https:\/\/projectes.xtec.cat\/tilc\/wp-json\/wp\/v2\/posts\/12109","targetHints":{"allow":["GET"]}}],"collection":[{"href":"https:\/\/projectes.xtec.cat\/tilc\/wp-json\/wp\/v2\/posts"}],"about":[{"href":"https:\/\/projectes.xtec.cat\/tilc\/wp-json\/wp\/v2\/types\/post"}],"author":[{"embeddable":true,"href":"https:\/\/projectes.xtec.cat\/tilc\/wp-json\/wp\/v2\/users\/9"}],"replies":[{"embeddable":true,"href":"https:\/\/projectes.xtec.cat\/tilc\/wp-json\/wp\/v2\/comments?post=12109"}],"version-history":[{"count":7,"href":"https:\/\/projectes.xtec.cat\/tilc\/wp-json\/wp\/v2\/posts\/12109\/revisions"}],"predecessor-version":[{"id":12120,"href":"https:\/\/projectes.xtec.cat\/tilc\/wp-json\/wp\/v2\/posts\/12109\/revisions\/12120"}],"wp:featuredmedia":[{"embeddable":true,"href":"https:\/\/projectes.xtec.cat\/tilc\/wp-json\/wp\/v2\/media\/12111"}],"wp:attachment":[{"href":"https:\/\/projectes.xtec.cat\/tilc\/wp-json\/wp\/v2\/media?parent=12109"}],"wp:term":[{"taxonomy":"category","embeddable":true,"href":"https:\/\/projectes.xtec.cat\/tilc\/wp-json\/wp\/v2\/categories?post=12109"},{"taxonomy":"post_tag","embeddable":true,"href":"https:\/\/projectes.xtec.cat\/tilc\/wp-json\/wp\/v2\/tags?post=12109"}],"curies":[{"name":"wp","href":"https:\/\/api.w.org\/{rel}","templated":true}]}}