{"id":12128,"date":"2025-09-05T08:09:24","date_gmt":"2025-09-05T06:09:24","guid":{"rendered":"https:\/\/projectes.xtec.cat\/tilc\/?p=12128"},"modified":"2025-09-08T11:24:00","modified_gmt":"2025-09-08T09:24:00","slug":"inscripcio-a-les-activitats-formatives-telematiques-tilc","status":"publish","type":"post","link":"https:\/\/projectes.xtec.cat\/tilc\/novetats\/inscripcio-a-les-activitats-formatives-telematiques-tilc\/","title":{"rendered":"Inscripci\u00f3 a les activitats formatives telem\u00e0tiques TILC"},"content":{"rendered":"<p>Us volem fer recordatori de les activitats formatives que adrecem al professorat des del programa de Tractament Integrat de Llengua i continguts (TILC).<\/p>\n<p>Les activitats que us oferim tenen format telem\u00e0tic, estan adre\u00e7ades al professorat de mat\u00e8ries no ling\u00fc\u00edstiques de secund\u00e0ria i ja estan obertes per poder formalitzar la inscripci\u00f3.<\/p>\n<p>L&#8217;objectiu \u00e9s con\u00e8ixer estrat\u00e8gies i recursos per integrar la compet\u00e8ncia comunicativa en el treball de totes les mat\u00e8ries, per aconseguir que l&#8217;alumnat millori el seu nivell d&#8217;assoliment de les compet\u00e8ncies de mat\u00e8ria. La llengua canalitza tots els aprenentatges i \u00e9s el que possibilita l&#8217;acc\u00e9s a la informaci\u00f3 i la comunicaci\u00f3 dels coneixements.<\/p>\n<p><a href=\"https:\/\/projectes.xtec.cat\/tilc\/wp-content\/uploads\/usu2098\/2025\/09\/Formacions-telematiques_1.pdf\" target=\"_blank\" rel=\"noopener\"><img loading=\"lazy\" decoding=\"async\" class=\"aligncenter wp-image-12134 size-large\" src=\"https:\/\/projectes.xtec.cat\/tilc\/wp-content\/uploads\/usu2098\/2025\/09\/formacions-telematiques_1-724x1024.png\" alt=\"\" width=\"724\" height=\"1024\" srcset=\"https:\/\/projectes.xtec.cat\/tilc\/wp-content\/uploads\/usu2098\/2025\/09\/formacions-telematiques_1-724x1024.png 724w, https:\/\/projectes.xtec.cat\/tilc\/wp-content\/uploads\/usu2098\/2025\/09\/formacions-telematiques_1-212x300.png 212w, https:\/\/projectes.xtec.cat\/tilc\/wp-content\/uploads\/usu2098\/2025\/09\/formacions-telematiques_1-768x1086.png 768w, https:\/\/projectes.xtec.cat\/tilc\/wp-content\/uploads\/usu2098\/2025\/09\/formacions-telematiques_1-1086x1536.png 1086w, https:\/\/projectes.xtec.cat\/tilc\/wp-content\/uploads\/usu2098\/2025\/09\/formacions-telematiques_1.png 1414w\" sizes=\"auto, (max-width: 724px) 100vw, 724px\" \/><\/a><\/p>\n<p>&nbsp;<\/p>\n<p>Per\u00edode d&#8217;inscripci\u00f3 ordinari a les activitats formatives del curs 2025-2026:<\/p>\n<p><a href=\"https:\/\/projectes.xtec.cat\/tilc\/wp-content\/uploads\/usu2098\/2025\/09\/inscripcio-a-les-activitats-formatives.png\"><img loading=\"lazy\" decoding=\"async\" class=\"aligncenter size-full wp-image-12129\" src=\"https:\/\/projectes.xtec.cat\/tilc\/wp-content\/uploads\/usu2098\/2025\/09\/inscripcio-a-les-activitats-formatives.png\" alt=\"\" width=\"436\" height=\"259\" srcset=\"https:\/\/projectes.xtec.cat\/tilc\/wp-content\/uploads\/usu2098\/2025\/09\/inscripcio-a-les-activitats-formatives.png 436w, https:\/\/projectes.xtec.cat\/tilc\/wp-content\/uploads\/usu2098\/2025\/09\/inscripcio-a-les-activitats-formatives-300x178.png 300w\" sizes=\"auto, (max-width: 436px) 100vw, 436px\" \/><\/a><\/p>\n<p>&nbsp;<\/p>\n","protected":false},"excerpt":{"rendered":"<p>Us volem fer recordatori de les activitats formatives que adrecem al professorat des del programa de Tractament Integrat de Llengua i continguts (TILC).<br \/>\nLes activitats que us oferim tenen format telem\u00e0tic, estan adre\u00e7ades al professorat de mat\u00e8ries no ling\u00fc\u00edstiques de secund\u00e0ria i ja estan obertes per&hellip;  <a href=\"https:\/\/projectes.xtec.cat\/tilc\/novetats\/inscripcio-a-les-activitats-formatives-telematiques-tilc\/\" title=\"Read Inscripci\u00f3 a les activitats formatives telem\u00e0tiques TILC\">Llegeix m\u00e9s\u00bb<\/a><\/p>\n","protected":false},"author":9,"featured_media":12134,"comment_status":"open","ping_status":"open","sticky":false,"template":"","format":"standard","meta":{"_bbp_topic_count":0,"_bbp_reply_count":0,"_bbp_total_topic_count":0,"_bbp_total_reply_count":0,"_bbp_voice_count":0,"_bbp_anonymous_reply_count":0,"_bbp_topic_count_hidden":0,"_bbp_reply_count_hidden":0,"_bbp_forum_subforum_count":0,"footnotes":""},"categories":[313],"tags":[],"class_list":["post-12128","post","type-post","status-publish","format-standard","has-post-thumbnail","hentry","category-novetats"],"post_mailing_queue_ids":[],"_links":{"self":[{"href":"https:\/\/projectes.xtec.cat\/tilc\/wp-json\/wp\/v2\/posts\/12128","targetHints":{"allow":["GET"]}}],"collection":[{"href":"https:\/\/projectes.xtec.cat\/tilc\/wp-json\/wp\/v2\/posts"}],"about":[{"href":"https:\/\/projectes.xtec.cat\/tilc\/wp-json\/wp\/v2\/types\/post"}],"author":[{"embeddable":true,"href":"https:\/\/projectes.xtec.cat\/tilc\/wp-json\/wp\/v2\/users\/9"}],"replies":[{"embeddable":true,"href":"https:\/\/projectes.xtec.cat\/tilc\/wp-json\/wp\/v2\/comments?post=12128"}],"version-history":[{"count":2,"href":"https:\/\/projectes.xtec.cat\/tilc\/wp-json\/wp\/v2\/posts\/12128\/revisions"}],"predecessor-version":[{"id":12135,"href":"https:\/\/projectes.xtec.cat\/tilc\/wp-json\/wp\/v2\/posts\/12128\/revisions\/12135"}],"wp:featuredmedia":[{"embeddable":true,"href":"https:\/\/projectes.xtec.cat\/tilc\/wp-json\/wp\/v2\/media\/12134"}],"wp:attachment":[{"href":"https:\/\/projectes.xtec.cat\/tilc\/wp-json\/wp\/v2\/media?parent=12128"}],"wp:term":[{"taxonomy":"category","embeddable":true,"href":"https:\/\/projectes.xtec.cat\/tilc\/wp-json\/wp\/v2\/categories?post=12128"},{"taxonomy":"post_tag","embeddable":true,"href":"https:\/\/projectes.xtec.cat\/tilc\/wp-json\/wp\/v2\/tags?post=12128"}],"curies":[{"name":"wp","href":"https:\/\/api.w.org\/{rel}","templated":true}]}}