{"id":12139,"date":"2025-09-16T17:28:52","date_gmt":"2025-09-16T15:28:52","guid":{"rendered":"https:\/\/projectes.xtec.cat\/tilc\/?p=12139"},"modified":"2025-10-26T21:49:50","modified_gmt":"2025-10-26T20:49:50","slug":"tallers-divulgatius-tilc","status":"publish","type":"post","link":"https:\/\/projectes.xtec.cat\/tilc\/novetats\/tallers-divulgatius-tilc\/","title":{"rendered":"Tallers divulgatius TILC"},"content":{"rendered":"<p>Aquest curs 2025-26, des del programa TILC, oferim sessions divulgatives de Tractament integrat de llengua i continguts. Estan adre\u00e7ades al professorat de mat\u00e8ries d&#8217;\u00e0mbits no ling\u00fc\u00edstics, amb l&#8217;objectiu d&#8217;implementar estrat\u00e8gies per millorar la compet\u00e8ncia comunicativa en les seves mat\u00e8ries.<\/p>\n<p>S&#8217;oferiran un total de sis tallers, tres en cadascun dels torns de formaci\u00f3. Cada taller s&#8217;impartir\u00e0 al llarg de 2 sessions, de 2 hores de durada, en format virtual. La primera sessi\u00f3 focalitzar\u00e0 en aspectes te\u00f2rics, de la m\u00e0 d&#8217;experts en recerca educativa, i en la segona us mostrarem experi\u00e8ncies d&#8217;aula.<\/p>\n<p>Seran impartits per professorat de la UAB, per tant, experts investigadors en els seus \u00e0mbits; i per professorat de secund\u00e0ria.<\/p>\n<p>Pel que fa al 1r torn, us oferim tallers que focalitzen en la lectura en tres \u00e0mbits disciplinars: les ci\u00e8ncies experimentals, les ci\u00e8ncies socials i les matem\u00e0tiques.<\/p>\n<p>En la seg\u00fcent infografia trobareu els ponents, el calendari, l&#8217;horari i l&#8217;enlla\u00e7 al formulari d&#8217;inscripci\u00f3:<\/p>\n<p><a href=\"https:\/\/projectes.xtec.cat\/tilc\/wp-content\/uploads\/usu2098\/2025\/09\/Tallers-divulgatius-TILC_1r-torn_25-26.pdf\" target=\"_blank\" rel=\"noopener\"><img loading=\"lazy\" decoding=\"async\" class=\"aligncenter wp-image-12145 size-large\" src=\"https:\/\/projectes.xtec.cat\/tilc\/wp-content\/uploads\/usu2098\/2025\/09\/Tallers-divulgatius-TILC_1r-torn_25-26-724x1024.png\" alt=\"\" width=\"724\" height=\"1024\" srcset=\"https:\/\/projectes.xtec.cat\/tilc\/wp-content\/uploads\/usu2098\/2025\/09\/Tallers-divulgatius-TILC_1r-torn_25-26-724x1024.png 724w, https:\/\/projectes.xtec.cat\/tilc\/wp-content\/uploads\/usu2098\/2025\/09\/Tallers-divulgatius-TILC_1r-torn_25-26-212x300.png 212w, https:\/\/projectes.xtec.cat\/tilc\/wp-content\/uploads\/usu2098\/2025\/09\/Tallers-divulgatius-TILC_1r-torn_25-26-768x1086.png 768w, https:\/\/projectes.xtec.cat\/tilc\/wp-content\/uploads\/usu2098\/2025\/09\/Tallers-divulgatius-TILC_1r-torn_25-26-1086x1536.png 1086w, https:\/\/projectes.xtec.cat\/tilc\/wp-content\/uploads\/usu2098\/2025\/09\/Tallers-divulgatius-TILC_1r-torn_25-26.png 1414w\" sizes=\"auto, (max-width: 724px) 100vw, 724px\" \/><\/a><\/p>\n<p>&nbsp;<\/p>\n<p>&nbsp;<\/p>\n<p>Esperem que us resultin interessants i us inscriviu. Us hi esperem!!<\/p>\n<p>&nbsp;<\/p>\n","protected":false},"excerpt":{"rendered":"<p>Aquest curs 2025-26, des del programa TILC, oferim sessions divulgatives de Tractament integrat de llengua i continguts. Estan adre\u00e7ades al professorat de mat\u00e8ries d&#8217;\u00e0mbits no ling\u00fc\u00edstics, amb l&#8217;objectiu d&#8217;implementar estrat\u00e8gies per millorar la compet\u00e8ncia comunicativa en les seves mat\u00e8ries.<br \/>\nS&#8217;oferiran un total de sis tallers, tres&hellip;  <a href=\"https:\/\/projectes.xtec.cat\/tilc\/novetats\/tallers-divulgatius-tilc\/\" title=\"Read Tallers divulgatius TILC\">Llegeix m\u00e9s\u00bb<\/a><\/p>\n","protected":false},"author":9,"featured_media":12155,"comment_status":"open","ping_status":"open","sticky":false,"template":"","format":"standard","meta":{"_bbp_topic_count":0,"_bbp_reply_count":0,"_bbp_total_topic_count":0,"_bbp_total_reply_count":0,"_bbp_voice_count":0,"_bbp_anonymous_reply_count":0,"_bbp_topic_count_hidden":0,"_bbp_reply_count_hidden":0,"_bbp_forum_subforum_count":0,"footnotes":""},"categories":[313],"tags":[],"class_list":["post-12139","post","type-post","status-publish","format-standard","has-post-thumbnail","hentry","category-novetats"],"post_mailing_queue_ids":[],"_links":{"self":[{"href":"https:\/\/projectes.xtec.cat\/tilc\/wp-json\/wp\/v2\/posts\/12139","targetHints":{"allow":["GET"]}}],"collection":[{"href":"https:\/\/projectes.xtec.cat\/tilc\/wp-json\/wp\/v2\/posts"}],"about":[{"href":"https:\/\/projectes.xtec.cat\/tilc\/wp-json\/wp\/v2\/types\/post"}],"author":[{"embeddable":true,"href":"https:\/\/projectes.xtec.cat\/tilc\/wp-json\/wp\/v2\/users\/9"}],"replies":[{"embeddable":true,"href":"https:\/\/projectes.xtec.cat\/tilc\/wp-json\/wp\/v2\/comments?post=12139"}],"version-history":[{"count":5,"href":"https:\/\/projectes.xtec.cat\/tilc\/wp-json\/wp\/v2\/posts\/12139\/revisions"}],"predecessor-version":[{"id":12148,"href":"https:\/\/projectes.xtec.cat\/tilc\/wp-json\/wp\/v2\/posts\/12139\/revisions\/12148"}],"wp:featuredmedia":[{"embeddable":true,"href":"https:\/\/projectes.xtec.cat\/tilc\/wp-json\/wp\/v2\/media\/12155"}],"wp:attachment":[{"href":"https:\/\/projectes.xtec.cat\/tilc\/wp-json\/wp\/v2\/media?parent=12139"}],"wp:term":[{"taxonomy":"category","embeddable":true,"href":"https:\/\/projectes.xtec.cat\/tilc\/wp-json\/wp\/v2\/categories?post=12139"},{"taxonomy":"post_tag","embeddable":true,"href":"https:\/\/projectes.xtec.cat\/tilc\/wp-json\/wp\/v2\/tags?post=12139"}],"curies":[{"name":"wp","href":"https:\/\/api.w.org\/{rel}","templated":true}]}}