{"id":12149,"date":"2025-10-01T08:54:23","date_gmt":"2025-10-01T06:54:23","guid":{"rendered":"https:\/\/projectes.xtec.cat\/tilc\/?p=12149"},"modified":"2025-10-01T08:54:36","modified_gmt":"2025-10-01T06:54:36","slug":"capsules-autoformatives-dimmersio-linguistica","status":"publish","type":"post","link":"https:\/\/projectes.xtec.cat\/tilc\/general\/capsules-autoformatives-dimmersio-linguistica\/","title":{"rendered":"C\u00e0psules autoformatives d&#8217;immersi\u00f3 ling\u00fc\u00edstica"},"content":{"rendered":"<p>Des del Servei de suports i recursos ling\u00fc\u00edstics (SSRL), i dins del Pla per a l&#8217;actualitzaci\u00f3 de la Immersi\u00f3 Ling\u00fc\u00edstica, s&#8217;han dissenyat unes c\u00e0psules autoformatives. L&#8217;objectiu \u00e9s que tot el professorat interessat en actualitzar els seus coneixements sobre immersi\u00f3 pugui seguir-les de manera aut\u00f2noma.<\/p>\n<p>En aquest primer torn de formaci\u00f3 us oferim dues, amb un itinerari per Prim\u00e0ria i un altre per Secund\u00e0ria:<\/p>\n<ul>\n<li>Immersi\u00f3 ling\u00fc\u00edstica i TILC: qu\u00e8 s\u00f3n?<\/li>\n<li>Immersi\u00f3 ling\u00fc\u00edstica i TILC: la interacci\u00f3 en l&#8217;aprenentatge d&#8217;una llengua.<\/li>\n<\/ul>\n<p>Cada c\u00e0psula s&#8217;ha planificat de manera que es facilita la lectura de contingut o el visionat de v\u00eddeos i es responen q\u00fcestionaris que registren de manera autom\u00e0tica els resultats. Un cop finalitzada cada c\u00e0psula i dins del per\u00edode formatiu assignat, es procedeix a gestionar les certificacions. Cal haver superat amb un \u00e8xit del 75% tots els q\u00fcestionaris.<\/p>\n<p>Podeu seguir-les a trav\u00e9s de la plataforma Odissea del Departament d&#8217;Educaci\u00f3.<\/p>\n<p>El per\u00edode d&#8217;inscripci\u00f3 romandr\u00e0 obert fins al 10 d&#8217;octubre. Us mostrem aquesta infografia, en la que trobareu tota la informaci\u00f3 per dur a terme la inscripci\u00f3:<\/p>\n<p><a href=\"https:\/\/projectes.xtec.cat\/tilc\/wp-content\/uploads\/usu2098\/2025\/10\/Capsules-autoformatives-immersio_1r-torn-formacio-25-26.pdf\" target=\"_blank\" rel=\"noopener\"><img loading=\"lazy\" decoding=\"async\" class=\"aligncenter wp-image-12151 size-full\" src=\"https:\/\/projectes.xtec.cat\/tilc\/wp-content\/uploads\/usu2098\/2025\/10\/Capsules-autoformatives-1r-torn.png\" alt=\"\" width=\"637\" height=\"900\" srcset=\"https:\/\/projectes.xtec.cat\/tilc\/wp-content\/uploads\/usu2098\/2025\/10\/Capsules-autoformatives-1r-torn.png 637w, https:\/\/projectes.xtec.cat\/tilc\/wp-content\/uploads\/usu2098\/2025\/10\/Capsules-autoformatives-1r-torn-212x300.png 212w\" sizes=\"auto, (max-width: 637px) 100vw, 637px\" \/><\/a><\/p>\n","protected":false},"excerpt":{"rendered":"<p>Des del Servei de suports i recursos ling\u00fc\u00edstics (SSRL), i dins del Pla per a l&#8217;actualitzaci\u00f3 de la Immersi\u00f3 Ling\u00fc\u00edstica, s&#8217;han dissenyat unes c\u00e0psules autoformatives. L&#8217;objectiu \u00e9s que tot el professorat interessat en actualitzar els seus coneixements sobre immersi\u00f3 pugui seguir-les de manera aut\u00f2noma.<br \/>\nEn aquest&hellip;  <a href=\"https:\/\/projectes.xtec.cat\/tilc\/general\/capsules-autoformatives-dimmersio-linguistica\/\" title=\"Read C\u00e0psules autoformatives d&#8217;immersi\u00f3 ling\u00fc\u00edstica\">Llegeix m\u00e9s\u00bb<\/a><\/p>\n","protected":false},"author":9,"featured_media":12152,"comment_status":"open","ping_status":"open","sticky":false,"template":"","format":"standard","meta":{"_bbp_topic_count":0,"_bbp_reply_count":0,"_bbp_total_topic_count":0,"_bbp_total_reply_count":0,"_bbp_voice_count":0,"_bbp_anonymous_reply_count":0,"_bbp_topic_count_hidden":0,"_bbp_reply_count_hidden":0,"_bbp_forum_subforum_count":0,"footnotes":""},"categories":[1,313],"tags":[],"class_list":["post-12149","post","type-post","status-publish","format-standard","has-post-thumbnail","hentry","category-general","category-novetats"],"post_mailing_queue_ids":[],"_links":{"self":[{"href":"https:\/\/projectes.xtec.cat\/tilc\/wp-json\/wp\/v2\/posts\/12149","targetHints":{"allow":["GET"]}}],"collection":[{"href":"https:\/\/projectes.xtec.cat\/tilc\/wp-json\/wp\/v2\/posts"}],"about":[{"href":"https:\/\/projectes.xtec.cat\/tilc\/wp-json\/wp\/v2\/types\/post"}],"author":[{"embeddable":true,"href":"https:\/\/projectes.xtec.cat\/tilc\/wp-json\/wp\/v2\/users\/9"}],"replies":[{"embeddable":true,"href":"https:\/\/projectes.xtec.cat\/tilc\/wp-json\/wp\/v2\/comments?post=12149"}],"version-history":[{"count":1,"href":"https:\/\/projectes.xtec.cat\/tilc\/wp-json\/wp\/v2\/posts\/12149\/revisions"}],"predecessor-version":[{"id":12154,"href":"https:\/\/projectes.xtec.cat\/tilc\/wp-json\/wp\/v2\/posts\/12149\/revisions\/12154"}],"wp:featuredmedia":[{"embeddable":true,"href":"https:\/\/projectes.xtec.cat\/tilc\/wp-json\/wp\/v2\/media\/12152"}],"wp:attachment":[{"href":"https:\/\/projectes.xtec.cat\/tilc\/wp-json\/wp\/v2\/media?parent=12149"}],"wp:term":[{"taxonomy":"category","embeddable":true,"href":"https:\/\/projectes.xtec.cat\/tilc\/wp-json\/wp\/v2\/categories?post=12149"},{"taxonomy":"post_tag","embeddable":true,"href":"https:\/\/projectes.xtec.cat\/tilc\/wp-json\/wp\/v2\/tags?post=12149"}],"curies":[{"name":"wp","href":"https:\/\/api.w.org\/{rel}","templated":true}]}}