{"id":9109,"date":"2020-12-31T17:18:31","date_gmt":"2020-12-31T16:18:31","guid":{"rendered":"https:\/\/projectes.xtec.cat\/tilc\/?p=9109"},"modified":"2021-02-18T16:51:56","modified_gmt":"2021-02-18T15:51:56","slug":"causes-i-consequencies-de-la-desforestacio","status":"publish","type":"post","link":"https:\/\/projectes.xtec.cat\/tilc\/que-ensenyar\/act-ex-que-ensenyar\/causes-i-consequencies-de-la-desforestacio\/","title":{"rendered":"Identifiquem les causes i les conseq\u00fc\u00e8ncies de la desforestaci\u00f3"},"content":{"rendered":"<p><span style=\"font-weight: 400;\">En aquesta activitat de ci\u00e8ncies socials, s\u2019orienta l\u2019alumnat perqu\u00e8 identifiqui i posi en pr\u00e0ctica les principals funcions cognitivoling\u00fc\u00edstiques, per tal d\u2019arribar a elaborar una justificaci\u00f3 que relacioni el canvi clim\u00e0tic i la desforestaci\u00f3 i a argumentar per conv\u00e8ncer de la necessitat de cercar solucions sostenibles al problema. <\/span><\/p>\n<p><span style=\"font-weight: 400;\">A trav\u00e9s d\u2019aquest model, es poden confegir activitats d\u2019escriptura per a altres temes i mat\u00e8ries del curriculum de secund\u00e0ria. <\/span><\/p>\n<p><a href=\"https:\/\/sites.google.com\/a\/xtec.cat\/ccss-escriure\/models-escriure-ccss\/justificar-interpretar-argumentar\"><span style=\"font-weight: 400;\">h<\/span><\/a><a href=\"https:\/\/sites.google.com\/a\/xtec.cat\/ccss-escriure\/models-escriure-ccss\/justificar-interpretar-argumentar\"><span style=\"font-weight: 400;\">ttps:\/\/sites.google.com\/a\/xtec.cat\/ccss-escriure\/models-escriure-ccss\/justificar-interpretar-argumentar<\/span><\/a><\/p>\n<p><a href=\"https:\/\/projectes.xtec.cat\/tilc\/wp-content\/uploads\/usu2098\/2020\/12\/1200px-Deforestaci\u00f3n_Monta\u00f1a_Pasiega-1.jpg\"><img loading=\"lazy\" decoding=\"async\" class=\"alignnone wp-image-9585\" src=\"https:\/\/projectes.xtec.cat\/tilc\/wp-content\/uploads\/usu2098\/2020\/12\/1200px-Deforestaci\u00f3n_Monta\u00f1a_Pasiega-1.jpg\" alt=\"\" width=\"512\" height=\"340\" srcset=\"https:\/\/projectes.xtec.cat\/tilc\/wp-content\/uploads\/usu2098\/2020\/12\/1200px-Deforestaci\u00f3n_Monta\u00f1a_Pasiega-1.jpg 1200w, https:\/\/projectes.xtec.cat\/tilc\/wp-content\/uploads\/usu2098\/2020\/12\/1200px-Deforestaci\u00f3n_Monta\u00f1a_Pasiega-1-300x200.jpg 300w, https:\/\/projectes.xtec.cat\/tilc\/wp-content\/uploads\/usu2098\/2020\/12\/1200px-Deforestaci\u00f3n_Monta\u00f1a_Pasiega-1-768x511.jpg 768w, https:\/\/projectes.xtec.cat\/tilc\/wp-content\/uploads\/usu2098\/2020\/12\/1200px-Deforestaci\u00f3n_Monta\u00f1a_Pasiega-1-1024x681.jpg 1024w\" sizes=\"auto, (max-width: 512px) 100vw, 512px\" \/><\/a><\/p>\n<p>Font de la imatge: <a href=\"https:\/\/es.wikipedia.org\/wiki\/Archivo:Deforestaci%C3%B3n_Monta%C3%B1a_Pasiega.jpg\">Wikimedia Commons<\/a><\/p>\n","protected":false},"excerpt":{"rendered":"<p>Activitat de M. Narv\u00e1ez: apliquem les funcions cognitivoling\u00fc\u00edstiques al tema de la desforestaci\u00f3.&hellip;  <a href=\"https:\/\/projectes.xtec.cat\/tilc\/que-ensenyar\/act-ex-que-ensenyar\/causes-i-consequencies-de-la-desforestacio\/\" title=\"Read Identifiquem les causes i les conseq\u00fc\u00e8ncies de la desforestaci\u00f3\">Llegeix m\u00e9s\u00bb<\/a><\/p>\n","protected":false},"author":3,"featured_media":9110,"comment_status":"open","ping_status":"closed","sticky":false,"template":"","format":"standard","meta":{"_bbp_topic_count":0,"_bbp_reply_count":0,"_bbp_total_topic_count":0,"_bbp_total_reply_count":0,"_bbp_voice_count":0,"_bbp_anonymous_reply_count":0,"_bbp_topic_count_hidden":0,"_bbp_reply_count_hidden":0,"_bbp_forum_subforum_count":0,"footnotes":""},"categories":[294],"tags":[336,308],"class_list":["post-9109","post","type-post","status-publish","format-standard","has-post-thumbnail","hentry","category-act-ex-que-ensenyar","tag-ambit-social","tag-funcions-cognitivolinguistiques"],"post_mailing_queue_ids":[],"_links":{"self":[{"href":"https:\/\/projectes.xtec.cat\/tilc\/wp-json\/wp\/v2\/posts\/9109","targetHints":{"allow":["GET"]}}],"collection":[{"href":"https:\/\/projectes.xtec.cat\/tilc\/wp-json\/wp\/v2\/posts"}],"about":[{"href":"https:\/\/projectes.xtec.cat\/tilc\/wp-json\/wp\/v2\/types\/post"}],"author":[{"embeddable":true,"href":"https:\/\/projectes.xtec.cat\/tilc\/wp-json\/wp\/v2\/users\/3"}],"replies":[{"embeddable":true,"href":"https:\/\/projectes.xtec.cat\/tilc\/wp-json\/wp\/v2\/comments?post=9109"}],"version-history":[{"count":3,"href":"https:\/\/projectes.xtec.cat\/tilc\/wp-json\/wp\/v2\/posts\/9109\/revisions"}],"predecessor-version":[{"id":9587,"href":"https:\/\/projectes.xtec.cat\/tilc\/wp-json\/wp\/v2\/posts\/9109\/revisions\/9587"}],"wp:featuredmedia":[{"embeddable":true,"href":"https:\/\/projectes.xtec.cat\/tilc\/wp-json\/wp\/v2\/media\/9110"}],"wp:attachment":[{"href":"https:\/\/projectes.xtec.cat\/tilc\/wp-json\/wp\/v2\/media?parent=9109"}],"wp:term":[{"taxonomy":"category","embeddable":true,"href":"https:\/\/projectes.xtec.cat\/tilc\/wp-json\/wp\/v2\/categories?post=9109"},{"taxonomy":"post_tag","embeddable":true,"href":"https:\/\/projectes.xtec.cat\/tilc\/wp-json\/wp\/v2\/tags?post=9109"}],"curies":[{"name":"wp","href":"https:\/\/api.w.org\/{rel}","templated":true}]}}