{"id":9199,"date":"2021-01-06T18:50:26","date_gmt":"2021-01-06T17:50:26","guid":{"rendered":"https:\/\/projectes.xtec.cat\/tilc\/?p=9199"},"modified":"2022-02-07T20:10:41","modified_gmt":"2022-02-07T19:10:41","slug":"treballem-la-intercomprensio-entre-llengues-romaniques-euromania","status":"publish","type":"post","link":"https:\/\/projectes.xtec.cat\/tilc\/que-ensenyar\/act-ex-que-ensenyar\/treballem-la-intercomprensio-entre-llengues-romaniques-euromania\/","title":{"rendered":"Descobrim la intercomprensi\u00f3 entre lleng\u00fces rom\u00e0niques: Euromania"},"content":{"rendered":"<p><span style=\"font-weight: 400;\">El programa Euromania neix d\u2019un projecte europeu que t\u00e9 l\u2019objectiu de <\/span><i><span style=\"font-weight: 400;\">desvetllar interessos pluriling\u00fces i avan\u00e7ar cap a una compet\u00e8ncia lectora pluriling\u00fce en set lleng\u00fces rom\u00e0niques<\/span><\/i><span style=\"font-weight: 400;\">: catal\u00e0, castell\u00e0, franc\u00e8s, occit\u00e0, roman\u00e8s, itali\u00e0 i portugu\u00e8s. En el programa es treballen les mat\u00e8ries amb l\u2019ajut de suports redactats en les diverses lleng\u00fces i, al mateix temps, s\u2019aprenen les compet\u00e8ncies d\u2019intercomprensi\u00f3, que permeten passar d\u2019una llengua a l\u2019altra per comparaci\u00f3.\u00a0<\/span><\/p>\n<p><span style=\"font-weight: 400;\">El material de treball consta de 20 dossiers per a l\u2019aprenentatge multiling\u00fce de les \u00e0rees de matem\u00e0tiques, hist\u00f2ria, ci\u00e8ncies i tecnologia. Va adre\u00e7at a l\u2019alumnat amb edats compreses entre els 8 i els 12 anys, per\u00f2 algunes activitats poden ser d\u2019utilitat per alumnes de primer cicle d\u2019ESO.<\/span><\/p>\n<ul>\n<li style=\"font-weight: 400;\"><span style=\"font-weight: 400;\">Trobareu la informaci\u00f3 completa i els materials a la <a href=\"http:\/\/xtec.gencat.cat\/ca\/projectes\/plurilinguisme\/metodologies\/til\/intercomprensio\/euromania\/\">p\u00e0gina d\u2019Euromania.<\/a><\/span><\/li>\n<\/ul>\n<p><span style=\"font-weight: 400;\">Podeu consultar tamb\u00e9 el\u00a0 Portfolio Europeu de les Lleng\u00fces: <\/span><a href=\"http:\/\/sepie.es\/doc\/portfolio\/biografiaDossierSecundariacatalan.pdf\"><span style=\"font-weight: 400;\">http:\/\/sepie.es\/doc\/portfolio\/biografiaDossierSecundariacatalan.pdf.<\/span><\/a><\/p>\n<p><a href=\"https:\/\/projectes.xtec.cat\/tilc\/wp-content\/uploads\/usu2098\/2021\/01\/tangram.png\"><img loading=\"lazy\" decoding=\"async\" class=\"wp-image-11009 size-full aligncenter\" src=\"https:\/\/projectes.xtec.cat\/tilc\/wp-content\/uploads\/usu2098\/2021\/01\/tangram.png\" alt=\"\" width=\"604\" height=\"818\" srcset=\"https:\/\/projectes.xtec.cat\/tilc\/wp-content\/uploads\/usu2098\/2021\/01\/tangram.png 604w, https:\/\/projectes.xtec.cat\/tilc\/wp-content\/uploads\/usu2098\/2021\/01\/tangram-222x300.png 222w\" sizes=\"auto, (max-width: 604px) 100vw, 604px\" \/><\/a><a href=\"https:\/\/projectes.xtec.cat\/tilc\/wp-content\/uploads\/usu2098\/2021\/01\/granota.png\"><img loading=\"lazy\" decoding=\"async\" class=\"wp-image-11010 size-full aligncenter\" src=\"https:\/\/projectes.xtec.cat\/tilc\/wp-content\/uploads\/usu2098\/2021\/01\/granota.png\" alt=\"\" width=\"600\" height=\"825\" srcset=\"https:\/\/projectes.xtec.cat\/tilc\/wp-content\/uploads\/usu2098\/2021\/01\/granota.png 600w, https:\/\/projectes.xtec.cat\/tilc\/wp-content\/uploads\/usu2098\/2021\/01\/granota-218x300.png 218w\" sizes=\"auto, (max-width: 600px) 100vw, 600px\" \/><\/a><\/p>\n","protected":false},"excerpt":{"rendered":"<p>Materials Euromania&hellip;  <a href=\"https:\/\/projectes.xtec.cat\/tilc\/que-ensenyar\/act-ex-que-ensenyar\/treballem-la-intercomprensio-entre-llengues-romaniques-euromania\/\" title=\"Read Descobrim la intercomprensi\u00f3 entre lleng\u00fces rom\u00e0niques: Euromania\">Llegeix m\u00e9s\u00bb<\/a><\/p>\n","protected":false},"author":3,"featured_media":9200,"comment_status":"open","ping_status":"closed","sticky":false,"template":"","format":"standard","meta":{"_bbp_topic_count":0,"_bbp_reply_count":0,"_bbp_total_topic_count":0,"_bbp_total_reply_count":0,"_bbp_voice_count":0,"_bbp_anonymous_reply_count":0,"_bbp_topic_count_hidden":0,"_bbp_reply_count_hidden":0,"_bbp_forum_subforum_count":0,"footnotes":""},"categories":[294],"tags":[316,317],"class_list":["post-9199","post","type-post","status-publish","format-standard","has-post-thumbnail","hentry","category-act-ex-que-ensenyar","tag-plurilinguisme","tag-tractament-integrat-de-llengues"],"post_mailing_queue_ids":[],"_links":{"self":[{"href":"https:\/\/projectes.xtec.cat\/tilc\/wp-json\/wp\/v2\/posts\/9199","targetHints":{"allow":["GET"]}}],"collection":[{"href":"https:\/\/projectes.xtec.cat\/tilc\/wp-json\/wp\/v2\/posts"}],"about":[{"href":"https:\/\/projectes.xtec.cat\/tilc\/wp-json\/wp\/v2\/types\/post"}],"author":[{"embeddable":true,"href":"https:\/\/projectes.xtec.cat\/tilc\/wp-json\/wp\/v2\/users\/3"}],"replies":[{"embeddable":true,"href":"https:\/\/projectes.xtec.cat\/tilc\/wp-json\/wp\/v2\/comments?post=9199"}],"version-history":[{"count":3,"href":"https:\/\/projectes.xtec.cat\/tilc\/wp-json\/wp\/v2\/posts\/9199\/revisions"}],"predecessor-version":[{"id":11013,"href":"https:\/\/projectes.xtec.cat\/tilc\/wp-json\/wp\/v2\/posts\/9199\/revisions\/11013"}],"wp:featuredmedia":[{"embeddable":true,"href":"https:\/\/projectes.xtec.cat\/tilc\/wp-json\/wp\/v2\/media\/9200"}],"wp:attachment":[{"href":"https:\/\/projectes.xtec.cat\/tilc\/wp-json\/wp\/v2\/media?parent=9199"}],"wp:term":[{"taxonomy":"category","embeddable":true,"href":"https:\/\/projectes.xtec.cat\/tilc\/wp-json\/wp\/v2\/categories?post=9199"},{"taxonomy":"post_tag","embeddable":true,"href":"https:\/\/projectes.xtec.cat\/tilc\/wp-json\/wp\/v2\/tags?post=9199"}],"curies":[{"name":"wp","href":"https:\/\/api.w.org\/{rel}","templated":true}]}}