{"id":9408,"date":"2021-01-11T20:00:58","date_gmt":"2021-01-11T19:00:58","guid":{"rendered":"https:\/\/projectes.xtec.cat\/tilc\/?p=9408"},"modified":"2021-01-16T17:43:00","modified_gmt":"2021-01-16T16:43:00","slug":"inscripcio-oberta-al-taller-tilc","status":"publish","type":"post","link":"https:\/\/projectes.xtec.cat\/tilc\/novetats\/inscripcio-oberta-al-taller-tilc\/","title":{"rendered":"Inscripci\u00f3 oberta al taller TILC"},"content":{"rendered":"<p style=\"text-align: justify; margin: 0cm 0cm 10.0pt 0cm;\"><span style=\"font-size: 11.0pt; font-family: 'Arial',sans-serif; color: black;\">Dins del segon torn de formaci\u00f3 del Departament d\u2019Educaci\u00f3 s\u2019ofereix la formaci\u00f3 telem\u00e0tica \u201c<\/span><span style=\"font-family: 'Arial',sans-serif; color: black; background: white;\">Integrar llengua i continguts al treball en totes les mat\u00e8ries per a la millora de resultats<\/span><span style=\"font-size: 11.0pt; font-family: 'Arial',sans-serif; color: black;\">\u201d, adre\u00e7ada a professorat de secund\u00e0ria dels \u00e0mbits no ling\u00fc\u00edstics que vulgui introduir metodologies d\u2019integraci\u00f3 de llengua i continguts (TILC) a l\u2019aula, amb el prop\u00f2sit final de millorar el rendiment acad\u00e8mic de tot l\u2019alumnat.\u00a0<\/span><\/p>\n<p style=\"text-align: justify; margin: 0cm 0cm 10.0pt 0cm;\"><span style=\"font-size: 11.0pt; font-family: 'Arial',sans-serif; color: black;\">Aquesta formaci\u00f3 t\u00e9 una durada total de 15 hores, que inclouen tres sessions presencials, els dies 22 de febrer, 8 de mar\u00e7 i 22 de mar\u00e7, i treball personal.<\/span><\/p>\n<p style=\"text-align: justify; margin: 0cm 0cm 10.0pt 0cm;\"><span style=\"white-space: pre-wrap;\"><span style=\"font-size: 11.0pt; font-family: 'Arial',sans-serif; color: black;\">Podeu inscriure-us-hi a trav\u00e9s de la <\/span><\/span><span style=\"font-size: 11.0pt; font-family: 'Arial',sans-serif;\"><a href=\"https:\/\/aplicacions.gestioeducativa.gencat.cat\/pls\/soloas\/pk_for_mod_ins.p_for_cons_activitats?p_any=2020-2021&amp;p_tipus_act=ILCT,CLA1,CLA2,CLA3,CLA4&amp;p_totes=S\">XTEC<\/a><span style=\"color: black;\"> fins el 19 de gener, al codi <\/span><\/span><b><span style=\"font-size: 10.0pt; font-family: 'Arial',sans-serif; color: black; background: white;\">9001450555<\/span><\/b><span style=\"font-size: 11.0pt; font-family: 'Arial',sans-serif; color: black;\">.<\/span> En aquest mateix codi trobareu <a href=\"https:\/\/aplicacions.gestioeducativa.gencat.cat\/pls\/soloas\/pk_for_mod_ins.p_for_exhaustiu_activitat?p_header=Llista%20d%27activitats%5epk_for_mod_ins.p_for_cons_activitats?p_tipus_act=ILCT,CLA1,CLA2,CLA3,CLA4%26p_any=2020-2021%26p_totes=S%26p_inici=1%26p_excloure_crp_rec=F*Detall%20d%27activitat%5epk_for_mod_ins.p_for_detall_activitat?p_codi=9001450555%26p_curs=2020-2021%26p_es_inscr=S&amp;p_codi=9001450555&amp;p_curs=2020-2021&amp;p_es_inscr=S\">m\u00e9s informaci\u00f3<\/a> sobre el taller formatiu.<\/p>\n<p><a href=\"https:\/\/projectes.xtec.cat\/tilc\/wp-content\/uploads\/usu2098\/2020\/12\/Logotip-TILC-4li\u2560\u00fcnies.png\"><img loading=\"lazy\" decoding=\"async\" class=\"alignnone wp-image-9100 size-medium\" src=\"https:\/\/projectes.xtec.cat\/tilc\/wp-content\/uploads\/usu2098\/2020\/12\/Logotip-TILC-4li\u2560\u00fcnies-300x212.png\" alt=\"\" width=\"300\" height=\"212\" srcset=\"https:\/\/projectes.xtec.cat\/tilc\/wp-content\/uploads\/usu2098\/2020\/12\/Logotip-TILC-4li\u2560\u00fcnies-300x212.png 300w, https:\/\/projectes.xtec.cat\/tilc\/wp-content\/uploads\/usu2098\/2020\/12\/Logotip-TILC-4li\u2560\u00fcnies-768x542.png 768w, https:\/\/projectes.xtec.cat\/tilc\/wp-content\/uploads\/usu2098\/2020\/12\/Logotip-TILC-4li\u2560\u00fcnies-1024x722.png 1024w, https:\/\/projectes.xtec.cat\/tilc\/wp-content\/uploads\/usu2098\/2020\/12\/Logotip-TILC-4li\u2560\u00fcnies.png 1377w\" sizes=\"auto, (max-width: 300px) 100vw, 300px\" \/><\/a><\/p>\n","protected":false},"excerpt":{"rendered":"<p>Per\u00edode d&#8217;inscripci\u00f3 del 8 al 19\/1&hellip;  <a href=\"https:\/\/projectes.xtec.cat\/tilc\/novetats\/inscripcio-oberta-al-taller-tilc\/\" title=\"Read Inscripci\u00f3 oberta al taller TILC\">Llegeix m\u00e9s\u00bb<\/a><\/p>\n","protected":false},"author":3,"featured_media":9576,"comment_status":"open","ping_status":"closed","sticky":false,"template":"","format":"standard","meta":{"_bbp_topic_count":0,"_bbp_reply_count":0,"_bbp_total_topic_count":0,"_bbp_total_reply_count":0,"_bbp_voice_count":0,"_bbp_anonymous_reply_count":0,"_bbp_topic_count_hidden":0,"_bbp_reply_count_hidden":0,"_bbp_forum_subforum_count":0,"footnotes":""},"categories":[313],"tags":[321,320],"class_list":["post-9408","post","type-post","status-publish","format-standard","has-post-thumbnail","hentry","category-novetats","tag-formacio","tag-tilc"],"post_mailing_queue_ids":[],"_links":{"self":[{"href":"https:\/\/projectes.xtec.cat\/tilc\/wp-json\/wp\/v2\/posts\/9408","targetHints":{"allow":["GET"]}}],"collection":[{"href":"https:\/\/projectes.xtec.cat\/tilc\/wp-json\/wp\/v2\/posts"}],"about":[{"href":"https:\/\/projectes.xtec.cat\/tilc\/wp-json\/wp\/v2\/types\/post"}],"author":[{"embeddable":true,"href":"https:\/\/projectes.xtec.cat\/tilc\/wp-json\/wp\/v2\/users\/3"}],"replies":[{"embeddable":true,"href":"https:\/\/projectes.xtec.cat\/tilc\/wp-json\/wp\/v2\/comments?post=9408"}],"version-history":[{"count":2,"href":"https:\/\/projectes.xtec.cat\/tilc\/wp-json\/wp\/v2\/posts\/9408\/revisions"}],"predecessor-version":[{"id":9410,"href":"https:\/\/projectes.xtec.cat\/tilc\/wp-json\/wp\/v2\/posts\/9408\/revisions\/9410"}],"wp:featuredmedia":[{"embeddable":true,"href":"https:\/\/projectes.xtec.cat\/tilc\/wp-json\/wp\/v2\/media\/9576"}],"wp:attachment":[{"href":"https:\/\/projectes.xtec.cat\/tilc\/wp-json\/wp\/v2\/media?parent=9408"}],"wp:term":[{"taxonomy":"category","embeddable":true,"href":"https:\/\/projectes.xtec.cat\/tilc\/wp-json\/wp\/v2\/categories?post=9408"},{"taxonomy":"post_tag","embeddable":true,"href":"https:\/\/projectes.xtec.cat\/tilc\/wp-json\/wp\/v2\/tags?post=9408"}],"curies":[{"name":"wp","href":"https:\/\/api.w.org\/{rel}","templated":true}]}}