{"id":9591,"date":"2021-01-16T19:22:31","date_gmt":"2021-01-16T18:22:31","guid":{"rendered":"https:\/\/projectes.xtec.cat\/tilc\/?p=9591"},"modified":"2021-01-16T19:23:07","modified_gmt":"2021-01-16T18:23:07","slug":"apliquem-rutines-de-pensament-a-leducacio-artistica","status":"publish","type":"post","link":"https:\/\/projectes.xtec.cat\/tilc\/que-ensenyar\/act-ex-que-ensenyar\/apliquem-rutines-de-pensament-a-leducacio-artistica\/","title":{"rendered":"Apliquem rutines de pensament a l&#8217;educaci\u00f3 art\u00edstica"},"content":{"rendered":"<p>En el blog de recursos educatius <a href=\"https:\/\/www.racomusicaldidactic.com\/2019\/04\/rutines-i-destreses-de-pensament.html\">RAC\u00d3 MUSICAL EDUCATIU: RECURSOS DID\u00c0CTICS<\/a>, del docent Llu\u00eds Guzm\u00e1n, trobem un recull de rutines i destreses de pensament que aplica a les seves classes d&#8217;educaci\u00f3 musical, acompanyat de plantilles descarregables per ajudar l&#8217;alumnat a practicar-les. Concretament, presenta les rutines seg\u00fcents:<\/p>\n<ul>\n<li>3,2,1, pont<\/li>\n<li>Veig, penso, em pregunto<\/li>\n<li>Preguntes estrella<\/li>\n<li>Paraula, idea, frase<\/li>\n<\/ul>\n<p>Tamb\u00e9 esmenta dues destreses de pensament:<\/p>\n<ul>\n<li>Comparar i contrastar<\/li>\n<li>Les parts i el tot<\/li>\n<\/ul>\n<p><a href=\"https:\/\/projectes.xtec.cat\/tilc\/wp-content\/uploads\/usu2098\/2021\/01\/mestre-motivat.png\"><img loading=\"lazy\" decoding=\"async\" class=\"alignnone wp-image-9592\" src=\"https:\/\/projectes.xtec.cat\/tilc\/wp-content\/uploads\/usu2098\/2021\/01\/mestre-motivat.png\" alt=\"\" width=\"500\" height=\"500\" srcset=\"https:\/\/projectes.xtec.cat\/tilc\/wp-content\/uploads\/usu2098\/2021\/01\/mestre-motivat.png 800w, https:\/\/projectes.xtec.cat\/tilc\/wp-content\/uploads\/usu2098\/2021\/01\/mestre-motivat-150x150.png 150w, https:\/\/projectes.xtec.cat\/tilc\/wp-content\/uploads\/usu2098\/2021\/01\/mestre-motivat-300x300.png 300w, https:\/\/projectes.xtec.cat\/tilc\/wp-content\/uploads\/usu2098\/2021\/01\/mestre-motivat-768x768.png 768w\" sizes=\"auto, (max-width: 500px) 100vw, 500px\" \/><\/a><\/p>\n<p>Font de la imatge: <a href=\"https:\/\/www.racomusicaldidactic.com\/2019\/04\/rutines-i-destreses-de-pensament.html\">blog esmentat<\/a><\/p>\n<p>&nbsp;<\/p>\n","protected":false},"excerpt":{"rendered":"<p>Blog de Llu\u00eds Guzman &#8220;Rac\u00f3 musical educatiu: recursos did\u00e0ctics&#8221;, en el qual recull les rutines de pensament que aplica a l&#8217;aula&hellip;  <a href=\"https:\/\/projectes.xtec.cat\/tilc\/que-ensenyar\/act-ex-que-ensenyar\/apliquem-rutines-de-pensament-a-leducacio-artistica\/\" title=\"Read Apliquem rutines de pensament a l&#8217;educaci\u00f3 art\u00edstica\">Llegeix m\u00e9s\u00bb<\/a><\/p>\n","protected":false},"author":3,"featured_media":9592,"comment_status":"open","ping_status":"closed","sticky":false,"template":"","format":"standard","meta":{"_bbp_topic_count":0,"_bbp_reply_count":0,"_bbp_total_topic_count":0,"_bbp_total_reply_count":0,"_bbp_voice_count":0,"_bbp_anonymous_reply_count":0,"_bbp_topic_count_hidden":0,"_bbp_reply_count_hidden":0,"_bbp_forum_subforum_count":0,"footnotes":""},"categories":[294],"tags":[323,322],"class_list":["post-9591","post","type-post","status-publish","format-standard","has-post-thumbnail","hentry","category-act-ex-que-ensenyar","tag-ambit-artistic","tag-destreses-de-pensament"],"post_mailing_queue_ids":[],"_links":{"self":[{"href":"https:\/\/projectes.xtec.cat\/tilc\/wp-json\/wp\/v2\/posts\/9591","targetHints":{"allow":["GET"]}}],"collection":[{"href":"https:\/\/projectes.xtec.cat\/tilc\/wp-json\/wp\/v2\/posts"}],"about":[{"href":"https:\/\/projectes.xtec.cat\/tilc\/wp-json\/wp\/v2\/types\/post"}],"author":[{"embeddable":true,"href":"https:\/\/projectes.xtec.cat\/tilc\/wp-json\/wp\/v2\/users\/3"}],"replies":[{"embeddable":true,"href":"https:\/\/projectes.xtec.cat\/tilc\/wp-json\/wp\/v2\/comments?post=9591"}],"version-history":[{"count":2,"href":"https:\/\/projectes.xtec.cat\/tilc\/wp-json\/wp\/v2\/posts\/9591\/revisions"}],"predecessor-version":[{"id":9594,"href":"https:\/\/projectes.xtec.cat\/tilc\/wp-json\/wp\/v2\/posts\/9591\/revisions\/9594"}],"wp:featuredmedia":[{"embeddable":true,"href":"https:\/\/projectes.xtec.cat\/tilc\/wp-json\/wp\/v2\/media\/9592"}],"wp:attachment":[{"href":"https:\/\/projectes.xtec.cat\/tilc\/wp-json\/wp\/v2\/media?parent=9591"}],"wp:term":[{"taxonomy":"category","embeddable":true,"href":"https:\/\/projectes.xtec.cat\/tilc\/wp-json\/wp\/v2\/categories?post=9591"},{"taxonomy":"post_tag","embeddable":true,"href":"https:\/\/projectes.xtec.cat\/tilc\/wp-json\/wp\/v2\/tags?post=9591"}],"curies":[{"name":"wp","href":"https:\/\/api.w.org\/{rel}","templated":true}]}}