{"id":9842,"date":"2021-02-07T10:55:52","date_gmt":"2021-02-07T09:55:52","guid":{"rendered":"https:\/\/projectes.xtec.cat\/tilc\/?p=9842"},"modified":"2023-05-26T16:21:44","modified_gmt":"2023-05-26T14:21:44","slug":"el-dialeg-a-laula-com-a-suport-per-al-treball-del-lexic-en-lescriptura-dinformes","status":"publish","type":"post","link":"https:\/\/projectes.xtec.cat\/tilc\/que-ensenyar\/act-ex-que-ensenyar\/el-dialeg-a-laula-com-a-suport-per-al-treball-del-lexic-en-lescriptura-dinformes\/","title":{"rendered":"El di\u00e0leg a l\u2019aula com a suport per al treball del l\u00e8xic en l\u2019escriptura d\u2019informes"},"content":{"rendered":"<p>&nbsp;<\/p>\n<p>En el <a href=\"https:\/\/sites.google.com\/site\/huntingexos\/guia-didactica?authuser=0\">projecte EXOS<\/a>, els alumnes treballen a partir de diverses dades (tr\u00e0nsits planetaris, simuladors, etc.) per explicar el moviment de possibles exoplanetes i finalment escriure un article de diari que presenti el seu descobriment. Com a fase pr\u00e8via, i durant la recerca, s\u2019estableixen converses amb els alumnes en les quals, mitjan\u00e7ant correccions subtils, el docent ajuda a passar del llenguatge conversacional a l\u2019acad\u00e8mic introduint els termes a mesura que sorgeix la necessitat d\u2019anomenar conceptes.<\/p>\n<p>Reconstrucci\u00f3 d\u2019un di\u00e0leg en el qual els alumnes interaccionen amb el simulador i incorporen els termes del l\u00e8xic cient\u00edfic al llarg de la discussi\u00f3:<\/p>\n<p style=\"padding-left: 40px;\">Alumne 1. Provem aqu\u00ed i amb poca velocitat.<br \/>\nAlumne 2. [&#8230;] \u201ccau\u201d dins l\u2019estrella. Al sol. S\u2019ha de posar m\u00e9s velocitat.<br \/>\nAlumne 3. No, m\u00e9s lluny.<br \/>\nAlumne 1. Si el posem m\u00e9s lluny, caur\u00e0 igualment perqu\u00e8 al final l\u2019estrella l\u2019atreu igual. S\u2019ha de posar velocitat, perqu\u00e8 si no, no t\u00e9<br \/>\nfor\u00e7a per anar girant sense caure.<br \/>\nAlumne 3. Entesos. Posa m\u00e9s velocitat.<br \/>\nAlumne 2. [&#8230;] Ara s\u00ed. S\u2019aguanta. [&#8230;] Per\u00f2 mira, tarda molt m\u00e9s del que tarda el nostre.<br \/>\nAlumne 3. Profe, no ens surt el temps. Tarda massa.<br \/>\nProfessor. Qu\u00e8 podr\u00edeu fer perqu\u00e8 el <strong>recorregut<\/strong> sigui m\u00e9s curt?<br \/>\nAlumne 2. L\u2019acostem, menys dist\u00e0ncia. Per\u00f2 llavors caur\u00e0, no?<br \/>\nProfessor. <strong>Col\u00b7lisionar\u00e0<\/strong> amb l\u2019estrella. Qu\u00e8 podr\u00edeu fer perqu\u00e8 no li passi?<br \/>\nAlumne 1. Ah, com abans, m\u00e9s velocitat. Aix\u00ed es va escapant i pot girar sense col\u00b7lisionar.<br \/>\nProfessor. <strong>Orbitar<\/strong>.<br \/>\nAlumne 1. S\u00ed&#8230; orbitar m\u00e9s a prop, sense col\u00b7lisionar.<br \/>\nAlumne 2. Baixo 10 de dist\u00e0ncia.<br \/>\nAlumne 3. No, millor 20. I no pugis molt de velocitat.<br \/>\nProfessor. <strong>Disminuir<\/strong>&#8230; <strong>augmentar<\/strong>&#8230;.<br \/>\nAlumne 3. Aix\u00f2. Augmenta nom\u00e9s una mica la velocitat, perqu\u00e8 si no, l\u2019\u00f2rbita ser\u00e0 massa ampla i tardar\u00e0 m\u00e9s.<br \/>\nProfessor. Com dir\u00edeu que tardar\u00e0 m\u00e9s, amb quin terme cient\u00edfic?<br \/>\nAlumne 1. <strong>Per\u00edode<\/strong>. Un per\u00edode m\u00e9s llarg. Aix\u00ed ens sortir\u00e0?<br \/>\nProfessor. Proveu-ho&#8230;<\/p>\n<p>Extret i tradu\u00eft de: Ruiz, N., Llorente, I., Dom\u00e8nech-Casal, J. \u201c<a href=\"https:\/\/www.raco.cat\/index.php\/ECT\/article\/view\/328894\">Indagaci\u00f3n, Exoplanetas y Competencia Cient\u00edfica. Los Estudios de Caso como ABP para las Ciencias<\/a>\u201d. Ense\u00f1anza de las Ciencias de la Tierra (2017) 25(2), 191-202.<\/p>\n<p>&nbsp;<\/p>\n","protected":false},"excerpt":{"rendered":"<p>Di\u00e0leg que fomenta el pas del llenguatge conversacional a l&#8217;acad\u00e8mic, descrit en l&#8217;article de Dom\u00e8nech-Casal, Llorente i Ruiz. &hellip;  <a href=\"https:\/\/projectes.xtec.cat\/tilc\/que-ensenyar\/act-ex-que-ensenyar\/el-dialeg-a-laula-com-a-suport-per-al-treball-del-lexic-en-lescriptura-dinformes\/\" title=\"Read El di\u00e0leg a l\u2019aula com a suport per al treball del l\u00e8xic en l\u2019escriptura d\u2019informes\">Llegeix m\u00e9s\u00bb<\/a><\/p>\n","protected":false},"author":5,"featured_media":9057,"comment_status":"open","ping_status":"closed","sticky":false,"template":"","format":"standard","meta":{"_bbp_topic_count":0,"_bbp_reply_count":0,"_bbp_total_topic_count":0,"_bbp_total_reply_count":0,"_bbp_voice_count":0,"_bbp_anonymous_reply_count":0,"_bbp_topic_count_hidden":0,"_bbp_reply_count_hidden":0,"_bbp_forum_subforum_count":0,"footnotes":""},"categories":[389,294],"tags":[309,383,368,400,326,307],"class_list":["post-9842","post","type-post","status-publish","format-standard","has-post-thumbnail","hentry","category-act-ex-_com-ensenyar","category-act-ex-que-ensenyar","tag-ambit-cientificotecnologic","tag-interaccio","tag-jordi-domenech-casal","tag-model-comunicatiu","tag-parlar-i-escoltar","tag-vocabulari-academic"],"post_mailing_queue_ids":[],"_links":{"self":[{"href":"https:\/\/projectes.xtec.cat\/tilc\/wp-json\/wp\/v2\/posts\/9842","targetHints":{"allow":["GET"]}}],"collection":[{"href":"https:\/\/projectes.xtec.cat\/tilc\/wp-json\/wp\/v2\/posts"}],"about":[{"href":"https:\/\/projectes.xtec.cat\/tilc\/wp-json\/wp\/v2\/types\/post"}],"author":[{"embeddable":true,"href":"https:\/\/projectes.xtec.cat\/tilc\/wp-json\/wp\/v2\/users\/5"}],"replies":[{"embeddable":true,"href":"https:\/\/projectes.xtec.cat\/tilc\/wp-json\/wp\/v2\/comments?post=9842"}],"version-history":[{"count":4,"href":"https:\/\/projectes.xtec.cat\/tilc\/wp-json\/wp\/v2\/posts\/9842\/revisions"}],"predecessor-version":[{"id":11005,"href":"https:\/\/projectes.xtec.cat\/tilc\/wp-json\/wp\/v2\/posts\/9842\/revisions\/11005"}],"wp:featuredmedia":[{"embeddable":true,"href":"https:\/\/projectes.xtec.cat\/tilc\/wp-json\/wp\/v2\/media\/9057"}],"wp:attachment":[{"href":"https:\/\/projectes.xtec.cat\/tilc\/wp-json\/wp\/v2\/media?parent=9842"}],"wp:term":[{"taxonomy":"category","embeddable":true,"href":"https:\/\/projectes.xtec.cat\/tilc\/wp-json\/wp\/v2\/categories?post=9842"},{"taxonomy":"post_tag","embeddable":true,"href":"https:\/\/projectes.xtec.cat\/tilc\/wp-json\/wp\/v2\/tags?post=9842"}],"curies":[{"name":"wp","href":"https:\/\/api.w.org\/{rel}","templated":true}]}}