{"id":9962,"date":"2021-02-18T20:58:59","date_gmt":"2021-02-18T19:58:59","guid":{"rendered":"https:\/\/projectes.xtec.cat\/tilc\/?p=9962"},"modified":"2023-01-17T14:58:25","modified_gmt":"2023-01-17T13:58:25","slug":"investiguem-lobra-de-frida-khalo","status":"publish","type":"post","link":"https:\/\/projectes.xtec.cat\/tilc\/act-ex-com-planificar\/investiguem-lobra-de-frida-khalo\/","title":{"rendered":"Frida Khalo"},"content":{"rendered":"<p>Aquesta proposta desenvolupa habilitats de lectura i escriptura en llengua anglesa. Les activitats abans, durant i despr\u00e9s de la lectura pretenen millorar la comprensi\u00f3 lectora a partir de les compet\u00e8ncies de la mat\u00e8ria d&#8217;<strong>Educaci\u00f3 pl\u00e0stica, audiovisual i visual <\/strong>de l&#8217;Educaci\u00f3 b\u00e0sica<strong>.<\/strong> Les activitats d&#8217;escriptura tenen com a objectiu millorar la capacitat d\u2019escriure a trav\u00e9s de l&#8217;an\u00e0lisi de l&#8217;obra i la biografia de Frida Khalo.<\/p>\n<p>Tal com es descriu en la proposta did\u00e0ctica:<\/p>\n<p>L\u2019alumnat de 6\u00e8 de Prim\u00e0ria organitza una exposici\u00f3 sobre els treballs pl\u00e0stics elaborats al voltant de l\u2019artista Frida Khalo, despr\u00e9s d\u2019haver cercat informaci\u00f3 sobre la biografia i l\u2019obra de l\u2019artista. Dediquen una de les tasques a assumir el rol de cr\u00edtic d\u2019art sobre la seva obra. Els productes finals s\u00f3n:<\/p>\n<ul>\n<li>Un fullet\u00f3 digital que ha de contenir un resum de la biografia i de les citacions de l&#8217;artista.<\/li>\n<li>L&#8217;anunci d&#8217;una exposici\u00f3 d&#8217;art que es far\u00e0 a l&#8217;escola i que ser\u00e0 presentada a les fam\u00edlies per part de l\u2019alumnat.<\/li>\n<\/ul>\n<p>Podeu trobar el <a href=\"https:\/\/apliense.xtec.cat\/arc\/node\/31025\" target=\"_blank\" rel=\"noopener noreferrer\">desplegament de tota l&#8217;activitat<\/a> a l&#8217;aplicatiu ARC.<\/p>\n<p>Podeu consultar l&#8217;an\u00e0lisi dels requeriments ling\u00fc\u00edstics en <a href=\"https:\/\/projectes.xtec.cat\/tilc\/wp-content\/uploads\/usu2098\/2023\/01\/Exemple-Primaria_Frida-Khalo_Actualitzat-gener-2023.pdf\" target=\"_blank\" rel=\"noopener\">aquest document.<\/a> Pret\u00e9n ser una mostra orientativa de com les activitats d&#8217;aula poden donar resposta a la compet\u00e8ncia clau en comunicaci\u00f3 ling\u00fc\u00edstica.<\/p>\n<figure class=\"figure wp-caption alignnone\"><a href=\"https:\/\/projectes.xtec.cat\/tilc\/wp-content\/uploads\/usu2098\/2021\/02\/frida-kahlo.jpg\"><img loading=\"lazy\" decoding=\"async\" class=\"size-full wp-image-9963\" src=\"https:\/\/projectes.xtec.cat\/tilc\/wp-content\/uploads\/usu2098\/2021\/02\/frida-kahlo.jpg\" alt=\"\" width=\"944\" height=\"568\" srcset=\"https:\/\/projectes.xtec.cat\/tilc\/wp-content\/uploads\/usu2098\/2021\/02\/frida-kahlo.jpg 944w, https:\/\/projectes.xtec.cat\/tilc\/wp-content\/uploads\/usu2098\/2021\/02\/frida-kahlo-300x181.jpg 300w, https:\/\/projectes.xtec.cat\/tilc\/wp-content\/uploads\/usu2098\/2021\/02\/frida-kahlo-768x462.jpg 768w\" sizes=\"auto, (max-width: 944px) 100vw, 944px\" \/><\/a><figcaption class=\"wp-caption-text\">Retrat Frida<\/figcaption><\/figure>\n","protected":false},"excerpt":{"rendered":"<p>Activitat dissenyada per Mireia Company Blanch i Eva Rodriguez Guitart en llengua anglesa, que desenvolupa compet\u00e8ncies art\u00edstiques de Prim\u00e0ria.&hellip;  <a href=\"https:\/\/projectes.xtec.cat\/tilc\/act-ex-com-planificar\/investiguem-lobra-de-frida-khalo\/\" title=\"Read Frida Khalo\">Llegeix m\u00e9s\u00bb<\/a><\/p>\n","protected":false},"author":5,"featured_media":9963,"comment_status":"open","ping_status":"closed","sticky":false,"template":"","format":"standard","meta":{"_bbp_topic_count":0,"_bbp_reply_count":0,"_bbp_total_topic_count":0,"_bbp_total_reply_count":0,"_bbp_voice_count":0,"_bbp_anonymous_reply_count":0,"_bbp_topic_count_hidden":0,"_bbp_reply_count_hidden":0,"_bbp_forum_subforum_count":0,"footnotes":""},"categories":[340],"tags":[323,337,338,341],"class_list":["post-9962","post","type-post","status-publish","format-standard","has-post-thumbnail","hentry","category-act-ex-com-planificar","tag-ambit-artistic","tag-arc","tag-educacio-primaria","tag-requeriments-del-curriculum"],"post_mailing_queue_ids":[],"_links":{"self":[{"href":"https:\/\/projectes.xtec.cat\/tilc\/wp-json\/wp\/v2\/posts\/9962","targetHints":{"allow":["GET"]}}],"collection":[{"href":"https:\/\/projectes.xtec.cat\/tilc\/wp-json\/wp\/v2\/posts"}],"about":[{"href":"https:\/\/projectes.xtec.cat\/tilc\/wp-json\/wp\/v2\/types\/post"}],"author":[{"embeddable":true,"href":"https:\/\/projectes.xtec.cat\/tilc\/wp-json\/wp\/v2\/users\/5"}],"replies":[{"embeddable":true,"href":"https:\/\/projectes.xtec.cat\/tilc\/wp-json\/wp\/v2\/comments?post=9962"}],"version-history":[{"count":4,"href":"https:\/\/projectes.xtec.cat\/tilc\/wp-json\/wp\/v2\/posts\/9962\/revisions"}],"predecessor-version":[{"id":10046,"href":"https:\/\/projectes.xtec.cat\/tilc\/wp-json\/wp\/v2\/posts\/9962\/revisions\/10046"}],"wp:featuredmedia":[{"embeddable":true,"href":"https:\/\/projectes.xtec.cat\/tilc\/wp-json\/wp\/v2\/media\/9963"}],"wp:attachment":[{"href":"https:\/\/projectes.xtec.cat\/tilc\/wp-json\/wp\/v2\/media?parent=9962"}],"wp:term":[{"taxonomy":"category","embeddable":true,"href":"https:\/\/projectes.xtec.cat\/tilc\/wp-json\/wp\/v2\/categories?post=9962"},{"taxonomy":"post_tag","embeddable":true,"href":"https:\/\/projectes.xtec.cat\/tilc\/wp-json\/wp\/v2\/tags?post=9962"}],"curies":[{"name":"wp","href":"https:\/\/api.w.org\/{rel}","templated":true}]}}