{"id":9076,"date":"2018-03-12T16:39:07","date_gmt":"2018-03-12T15:39:07","guid":{"rendered":"http:\/\/projectes.xtec.cat\/transferinn\/?p=9076"},"modified":"2018-03-12T17:34:00","modified_gmt":"2018-03-12T16:34:00","slug":"2a-reunion-del-nodo-de-turismo-en-tarbes","status":"publish","type":"post","link":"https:\/\/projectes.xtec.cat\/transferinn\/general\/2a-reunion-del-nodo-de-turismo-en-tarbes\/","title":{"rendered":"2a Reuni\u00f3n del nodo de Turismo en Tarbes"},"content":{"rendered":"<p>El pasado d\u00eda 9 de Marzo se realiz\u00f3 dentro del marco del <em>Sal\u00f3n agro-alimentarie<\/em> de Tarbes (Fran\u00e7a), la segunda reuni\u00f3n del nodo de Turismo liderado por la Generalitat de Catalunya.<\/p>\n<p>En esta feria, la m\u00e1s importante de su sector en el sur de Francia, se congreg\u00f3 a los socios d<a href=\"http:\/\/projectes.xtec.cat\/transferinn\/wp-content\/uploads\/usu81\/2018\/03\/20180309_120748_web.jpg\"><img loading=\"lazy\" decoding=\"async\" class=\"wp-image-9089 alignright\" src=\"http:\/\/projectes.xtec.cat\/transferinn\/wp-content\/uploads\/usu81\/2018\/03\/20180309_120748_web-1024x768.jpg\" alt=\"\" width=\"294\" height=\"221\" srcset=\"https:\/\/projectes.xtec.cat\/transferinn\/wp-content\/uploads\/usu81\/2018\/03\/20180309_120748_web-1024x768.jpg 1024w, https:\/\/projectes.xtec.cat\/transferinn\/wp-content\/uploads\/usu81\/2018\/03\/20180309_120748_web-300x225.jpg 300w, https:\/\/projectes.xtec.cat\/transferinn\/wp-content\/uploads\/usu81\/2018\/03\/20180309_120748_web-768x576.jpg 768w, https:\/\/projectes.xtec.cat\/transferinn\/wp-content\/uploads\/usu81\/2018\/03\/20180309_120748_web-200x150.jpg 200w\" sizes=\"auto, (max-width: 294px) 100vw, 294px\" \/><\/a>e las entidades de INSUP, Universidad de Perpignan y Generalitat de Catalunya, asistiendo tambi\u00e9n invitadas al evento las empresas y entidades relacionadas con la tem\u00e1tica del nodo adheridas al proyecto.<\/p>\n<p>La reuni\u00f3n se centr\u00f3 en consensuar los objetivos comunes y confirmar las l\u00edneas de trabajo a seguir con los grupos de empresas y centros de conocimiento hasta el final del proyecto.<\/p>\n<p>Tambi\u00e9n se expusieron los resultados obtenidos hasta el momento y se marcaron las metas a conseguir. Se establecieron los d\u00edas 13 y 14 de Junio para el pr\u00f3ximo encuentro del nodo de Turismo que se celebrara en Torrebesses (Lleida).<\/p>\n<p><a href=\"http:\/\/projectes.xtec.cat\/transferinn\/wp-content\/uploads\/usu81\/2018\/03\/peix_emplatat_web.jpg\"><img loading=\"lazy\" decoding=\"async\" class=\"wp-image-9080 alignleft\" src=\"http:\/\/projectes.xtec.cat\/transferinn\/wp-content\/uploads\/usu81\/2018\/03\/peix_emplatat_web-938x1024.jpg\" alt=\"\" width=\"188\" height=\"205\" srcset=\"https:\/\/projectes.xtec.cat\/transferinn\/wp-content\/uploads\/usu81\/2018\/03\/peix_emplatat_web.jpg 938w, https:\/\/projectes.xtec.cat\/transferinn\/wp-content\/uploads\/usu81\/2018\/03\/peix_emplatat_web-275x300.jpg 275w, https:\/\/projectes.xtec.cat\/transferinn\/wp-content\/uploads\/usu81\/2018\/03\/peix_emplatat_web-768x838.jpg 768w\" sizes=\"auto, (max-width: 188px) 100vw, 188px\" \/><\/a>Este grupo de trabajo centra su actividad en la promoci\u00f3n de la digitalizaci\u00f3n y comercializaci\u00f3n del llamado <em>Turismo Foodie<\/em>, turismo que se desarrolla alrededor de la oferta gastron\u00f3mica de un territorio.<\/p>\n<p>Lo que se pretende, es ayudar a peque\u00f1os productores de productos alimentarios artesanales ligados al territorio a digitalizar sus negocios, en la medida que les permita atraer m\u00e1s visitantes a sus instalaciones para facilitar el conocimiento y difusi\u00f3n de sus productos. As\u00ed mismo se quiere trabajar en m\u00e9todos de comercializaci\u00f3n colaborativa y digital, que permita, gracias a la red, poder llegar a un p\u00fablico m\u00e1s amplio.<\/p>\n<p>La reuni\u00f3n ha permitido presentar las conclusiones de las reuniones territoriales que cada socio ha tenido con sus entidades colaboradoras y realizar contactos entre las entidades participantes y empresas para dinamizar proyectos de forma conjunta.<\/p>\n<p>Por parte de la Generalitat de Catalunya, adem\u00e1s de los t\u00e9cnicos y responsables de la Direcci\u00f3 de Formaci\u00f3 Professional i Ensenyaments de R\u00e8gim Especial, participaron los Gestores de Innovaci\u00f3n e Internacionalizaci\u00f3n de los institutos Caparrella de Lleida, Carles Vallbona de Granollers, Escola del Treball de Lleida e Instituto de Vic, t\u00e9cnicos expertos en el campo de trabajo del nodo, un miembro de la Associaci\u00f3 Segri\u00e0 Sec y la empresa Seelen Artesana.<\/p>\n","protected":false},"excerpt":{"rendered":"<p>El pasado d\u00eda 9 de Marzo se realiz\u00f3 dentro del marco del Sal\u00f3n agro-alimentarie de Tarbes (Fran\u00e7a), la segunda reuni\u00f3n del nodo de Turismo liderado por la Generalitat de Catalunya.<br \/>\nEn esta feria, la m\u00e1s importante de su sector en el sur de Francia, se congreg\u00f3&hellip;  <a href=\"https:\/\/projectes.xtec.cat\/transferinn\/general\/2a-reunion-del-nodo-de-turismo-en-tarbes\/\" title=\"Read 2a Reuni\u00f3n del nodo de Turismo en Tarbes\">Llegeix m\u00e9s\u00bb<\/a><\/p>\n","protected":false},"author":1,"featured_media":0,"comment_status":"open","ping_status":"closed","sticky":false,"template":"","format":"standard","meta":{"_bbp_topic_count":0,"_bbp_reply_count":0,"_bbp_total_topic_count":0,"_bbp_total_reply_count":0,"_bbp_voice_count":0,"_bbp_anonymous_reply_count":0,"_bbp_topic_count_hidden":0,"_bbp_reply_count_hidden":0,"_bbp_forum_subforum_count":0,"footnotes":""},"categories":[1,284,286,288,289],"tags":[],"class_list":["post-9076","post","type-post","status-publish","format-standard","hentry","category-general","category-noticias","category-portada","category-resultados","category-transferrinn"],"post_mailing_queue_ids":[],"_links":{"self":[{"href":"https:\/\/projectes.xtec.cat\/transferinn\/wp-json\/wp\/v2\/posts\/9076","targetHints":{"allow":["GET"]}}],"collection":[{"href":"https:\/\/projectes.xtec.cat\/transferinn\/wp-json\/wp\/v2\/posts"}],"about":[{"href":"https:\/\/projectes.xtec.cat\/transferinn\/wp-json\/wp\/v2\/types\/post"}],"author":[{"embeddable":true,"href":"https:\/\/projectes.xtec.cat\/transferinn\/wp-json\/wp\/v2\/users\/1"}],"replies":[{"embeddable":true,"href":"https:\/\/projectes.xtec.cat\/transferinn\/wp-json\/wp\/v2\/comments?post=9076"}],"version-history":[{"count":3,"href":"https:\/\/projectes.xtec.cat\/transferinn\/wp-json\/wp\/v2\/posts\/9076\/revisions"}],"predecessor-version":[{"id":9090,"href":"https:\/\/projectes.xtec.cat\/transferinn\/wp-json\/wp\/v2\/posts\/9076\/revisions\/9090"}],"wp:attachment":[{"href":"https:\/\/projectes.xtec.cat\/transferinn\/wp-json\/wp\/v2\/media?parent=9076"}],"wp:term":[{"taxonomy":"category","embeddable":true,"href":"https:\/\/projectes.xtec.cat\/transferinn\/wp-json\/wp\/v2\/categories?post=9076"},{"taxonomy":"post_tag","embeddable":true,"href":"https:\/\/projectes.xtec.cat\/transferinn\/wp-json\/wp\/v2\/tags?post=9076"}],"curies":[{"name":"wp","href":"https:\/\/api.w.org\/{rel}","templated":true}]}}