{"id":8624,"date":"2021-07-16T12:05:27","date_gmt":"2021-07-16T10:05:27","guid":{"rendered":"https:\/\/projectes.xtec.cat\/transformaciodigital\/?p=8624"},"modified":"2021-07-16T12:09:19","modified_gmt":"2021-07-16T10:09:19","slug":"jornada-de-cloenda-del-projecte-de-transformacio-digital","status":"publish","type":"post","link":"https:\/\/projectes.xtec.cat\/transformaciodigital\/portada\/jornada-de-cloenda-del-projecte-de-transformacio-digital\/","title":{"rendered":"Jornada de cloenda del Projecte de Transformaci\u00f3 Digital"},"content":{"rendered":"<p>Us compartim la Jornada de cloenda del projecte de Transformaci\u00f3 Digital que com realitzar el passat 1 de juliol i on es van presentar experi\u00e8ncies d&#8217;infantil, prim\u00e0ria i secund\u00e0ria de tres centres participants en la tercera onada del projecte.<\/p>\n<p><iframe loading=\"lazy\" src=\"\/\/www.youtube.com\/embed\/82RW2RD1m94\" width=\"1182\" height=\"665\" frameborder=\"0\"><\/iframe><\/p>\n","protected":false},"excerpt":{"rendered":"<p>Us compartim la Jornada de cloenda del projecte de Transformaci\u00f3 Digital que com realitzar el passat 1 de juliol i on es van presentar experi\u00e8ncies d&#8217;infantil, prim\u00e0ria i secund\u00e0ria de tres centres participants en la tercera onada del projecte.<\/p>\n","protected":false},"author":3,"featured_media":8628,"comment_status":"open","ping_status":"closed","sticky":false,"template":"","format":"standard","meta":{"_bbp_topic_count":0,"_bbp_reply_count":0,"_bbp_total_topic_count":0,"_bbp_total_reply_count":0,"_bbp_voice_count":0,"_bbp_anonymous_reply_count":0,"_bbp_topic_count_hidden":0,"_bbp_reply_count_hidden":0,"_bbp_forum_subforum_count":0,"footnotes":""},"categories":[29],"tags":[],"class_list":["post-8624","post","type-post","status-publish","format-standard","has-post-thumbnail","hentry","category-portada"],"post_mailing_queue_ids":[],"_links":{"self":[{"href":"https:\/\/projectes.xtec.cat\/transformaciodigital\/wp-json\/wp\/v2\/posts\/8624","targetHints":{"allow":["GET"]}}],"collection":[{"href":"https:\/\/projectes.xtec.cat\/transformaciodigital\/wp-json\/wp\/v2\/posts"}],"about":[{"href":"https:\/\/projectes.xtec.cat\/transformaciodigital\/wp-json\/wp\/v2\/types\/post"}],"author":[{"embeddable":true,"href":"https:\/\/projectes.xtec.cat\/transformaciodigital\/wp-json\/wp\/v2\/users\/3"}],"replies":[{"embeddable":true,"href":"https:\/\/projectes.xtec.cat\/transformaciodigital\/wp-json\/wp\/v2\/comments?post=8624"}],"version-history":[{"count":1,"href":"https:\/\/projectes.xtec.cat\/transformaciodigital\/wp-json\/wp\/v2\/posts\/8624\/revisions"}],"predecessor-version":[{"id":8625,"href":"https:\/\/projectes.xtec.cat\/transformaciodigital\/wp-json\/wp\/v2\/posts\/8624\/revisions\/8625"}],"wp:featuredmedia":[{"embeddable":true,"href":"https:\/\/projectes.xtec.cat\/transformaciodigital\/wp-json\/wp\/v2\/media\/8628"}],"wp:attachment":[{"href":"https:\/\/projectes.xtec.cat\/transformaciodigital\/wp-json\/wp\/v2\/media?parent=8624"}],"wp:term":[{"taxonomy":"category","embeddable":true,"href":"https:\/\/projectes.xtec.cat\/transformaciodigital\/wp-json\/wp\/v2\/categories?post=8624"},{"taxonomy":"post_tag","embeddable":true,"href":"https:\/\/projectes.xtec.cat\/transformaciodigital\/wp-json\/wp\/v2\/tags?post=8624"}],"curies":[{"name":"wp","href":"https:\/\/api.w.org\/{rel}","templated":true}]}}