{"id":287,"count":18,"description":"<h3><strong>C\u00e0psules de reflexi\u00f3<\/strong><\/h3>\r\n<span style=\"font-weight: 400;\"><a href=\"https:\/\/projectes.xtec.cat\/usdelallengua\/wp-content\/uploads\/usu2313\/2022\/11\/imatges-30.png\"><img class=\" wp-image-8812 alignleft\" src=\"https:\/\/projectes.xtec.cat\/usdelallengua\/wp-content\/uploads\/usu2313\/2022\/11\/imatges-30-150x150.png\" alt=\"\" width=\"141\" height=\"141\" \/><\/a>Les <i>C\u00e0psules de reflexi\u00f3<\/i> pretenen aplegar articles breus i contribucions de diferents professionals de l\u2019\u00e0mbit de l'educaci\u00f3, de la socioling\u00fc\u00edstica educativa i de la did\u00e0ctica de l'ensenyament i aprenentatge de les lleng\u00fces, per tal de resoldre dubtes i d'oferir eines\u00a0 que permetin millorar la gesti\u00f3 dels usos ling\u00fc\u00edstics en l'\u00e0mbit educatiu. Aqu\u00ed trobareu tots els <a href=\"https:\/\/youtube.com\/playlist?list=PLahCXFvDje_SOD9BAm-aYyHG4ff90MI59&amp;si=J9a17ZSTddJCx7gE\">v\u00eddeos.<\/a><\/span>\r\n\r\n<span style=\"font-weight: 400;\">________________________________________________________________________________________________<\/span>","link":"https:\/\/projectes.xtec.cat\/usdelallengua\/categoria\/reflexions\/","name":"REFLEXIONS","slug":"reflexions","taxonomy":"category","parent":0,"meta":[],"_links":{"self":[{"href":"https:\/\/projectes.xtec.cat\/usdelallengua\/wp-json\/wp\/v2\/categories\/287","targetHints":{"allow":["GET"]}}],"collection":[{"href":"https:\/\/projectes.xtec.cat\/usdelallengua\/wp-json\/wp\/v2\/categories"}],"about":[{"href":"https:\/\/projectes.xtec.cat\/usdelallengua\/wp-json\/wp\/v2\/taxonomies\/category"}],"wp:post_type":[{"href":"https:\/\/projectes.xtec.cat\/usdelallengua\/wp-json\/wp\/v2\/posts?categories=287"}],"curies":[{"name":"wp","href":"https:\/\/api.w.org\/{rel}","templated":true}]}}