{"id":302,"count":2,"description":"<h3><strong>Estrat\u00e8gies per fomentar l'\u00fas del catal\u00e0<\/strong><\/h3>\r\n<span style=\"font-weight: 400;\"><a href=\"https:\/\/projectes.xtec.cat\/usdelallengua\/wp-content\/uploads\/usu2313\/2022\/11\/imatges-31.png\"><img class=\"alignleft wp-image-8813\" src=\"https:\/\/projectes.xtec.cat\/usdelallengua\/wp-content\/uploads\/usu2313\/2022\/11\/imatges-31-150x150.png\" alt=\"\" width=\"104\" height=\"104\" \/><\/a><\/span>\r\n\r\n<span style=\"font-weight: 400;\">Espai que aplega estrat\u00e8gies per fomentar i mantenir l\u2019\u00fas del catal\u00e0 com a llengua vehicular i d\u2019aprenentatge. Hi trobareu estrat\u00e8gies per promoure d\u2019\u00fas del catal\u00e0 tant oral com escrit, tant a l\u2019aula com en espais informals del centre, i tamb\u00e9 en l\u2019entorn i amb les fam\u00edlies.<\/span>\r\n\r\n<span style=\"font-weight: 400;\">_________________________________________________________________________________________________<\/span>","link":"https:\/\/projectes.xtec.cat\/usdelallengua\/categoria\/recursos\/estrategies\/","name":"Estrat\u00e8gies","slug":"estrategies","taxonomy":"category","parent":493,"meta":[],"_links":{"self":[{"href":"https:\/\/projectes.xtec.cat\/usdelallengua\/wp-json\/wp\/v2\/categories\/302","targetHints":{"allow":["GET"]}}],"collection":[{"href":"https:\/\/projectes.xtec.cat\/usdelallengua\/wp-json\/wp\/v2\/categories"}],"about":[{"href":"https:\/\/projectes.xtec.cat\/usdelallengua\/wp-json\/wp\/v2\/taxonomies\/category"}],"up":[{"embeddable":true,"href":"https:\/\/projectes.xtec.cat\/usdelallengua\/wp-json\/wp\/v2\/categories\/493"}],"wp:post_type":[{"href":"https:\/\/projectes.xtec.cat\/usdelallengua\/wp-json\/wp\/v2\/posts?categories=302"}],"curies":[{"name":"wp","href":"https:\/\/api.w.org\/{rel}","templated":true}]}}