{"id":377,"count":0,"description":"<h3><strong>Mapes d'accions<\/strong><\/h3>\r\n<span style=\"font-weight: 400;\"><a href=\"https:\/\/projectes.xtec.cat\/usdelallengua\/wp-content\/uploads\/usu2313\/2023\/04\/Activem-nos-3.png\"><img class=\"size-thumbnail wp-image-9221 alignleft\" src=\"https:\/\/projectes.xtec.cat\/usdelallengua\/wp-content\/uploads\/usu2313\/2023\/04\/Activem-nos-3-150x150.png\" alt=\"\" width=\"150\" height=\"150\" \/><\/a>Els centres han dut a terme una reflexi\u00f3 de les accions i iniciatives que es poden dur a terme en l'\u00e0mbit educatiu per assolir algunes fites relacionades amb la promoci\u00f3 de la llengua. Setmana a setmana, en aquest apartat anirem penjant el resultat i la s\u00edntesi de totes les reflexions i propostes dels docents.<\/span>\r\n\r\n<span style=\"font-weight: 400;\">________________________________________________________________________________________________<\/span>","link":"https:\/\/projectes.xtec.cat\/usdelallengua\/categoria\/activem-nos-pel-catala\/mapes-daccions\/","name":"Mapes d'accions","slug":"mapes-daccions","taxonomy":"category","parent":492,"meta":[],"_links":{"self":[{"href":"https:\/\/projectes.xtec.cat\/usdelallengua\/wp-json\/wp\/v2\/categories\/377","targetHints":{"allow":["GET"]}}],"collection":[{"href":"https:\/\/projectes.xtec.cat\/usdelallengua\/wp-json\/wp\/v2\/categories"}],"about":[{"href":"https:\/\/projectes.xtec.cat\/usdelallengua\/wp-json\/wp\/v2\/taxonomies\/category"}],"up":[{"embeddable":true,"href":"https:\/\/projectes.xtec.cat\/usdelallengua\/wp-json\/wp\/v2\/categories\/492"}],"wp:post_type":[{"href":"https:\/\/projectes.xtec.cat\/usdelallengua\/wp-json\/wp\/v2\/posts?categories=377"}],"curies":[{"name":"wp","href":"https:\/\/api.w.org\/{rel}","templated":true}]}}