{"id":378,"count":5,"description":"<h3><strong>Bones pr\u00e0ctiques dels centres educatius<\/strong><\/h3>\r\n<span style=\"font-weight: 400;\"><a href=\"https:\/\/projectes.xtec.cat\/usdelallengua\/wp-content\/uploads\/usu2313\/2023\/04\/Activem-nos-1.png\"><img class=\"alignleft wp-image-9218\" src=\"https:\/\/projectes.xtec.cat\/usdelallengua\/wp-content\/uploads\/usu2313\/2023\/04\/Activem-nos-1-150x150.png\" alt=\"\" width=\"140\" height=\"140\" \/><\/a>Experi\u00e8ncies i exemples de bones pr\u00e0ctiques, tant en catal\u00e0 com en aran\u00e8s, presentades durant l'acte, per promoure l'\u00fas del catal\u00e0, tant a l'aula com al pati, i adre\u00e7ades tant a l'alumnat, com al professorat, les fam\u00edlies i altres agents de la comunitat educativa. Cada setmana publicarem una bona pr\u00e0ctica.<\/span>\r\n\r\n<span style=\"font-weight: 400;\">________________________________________________________________________________________________<\/span>","link":"https:\/\/projectes.xtec.cat\/usdelallengua\/categoria\/activem-nos-pel-catala\/bones-practiques-dels-centres-educatius\/","name":"Bones pr\u00e0ctiques dels centres educatius","slug":"bones-practiques-dels-centres-educatius","taxonomy":"category","parent":492,"meta":[],"_links":{"self":[{"href":"https:\/\/projectes.xtec.cat\/usdelallengua\/wp-json\/wp\/v2\/categories\/378","targetHints":{"allow":["GET"]}}],"collection":[{"href":"https:\/\/projectes.xtec.cat\/usdelallengua\/wp-json\/wp\/v2\/categories"}],"about":[{"href":"https:\/\/projectes.xtec.cat\/usdelallengua\/wp-json\/wp\/v2\/taxonomies\/category"}],"up":[{"embeddable":true,"href":"https:\/\/projectes.xtec.cat\/usdelallengua\/wp-json\/wp\/v2\/categories\/492"}],"wp:post_type":[{"href":"https:\/\/projectes.xtec.cat\/usdelallengua\/wp-json\/wp\/v2\/posts?categories=378"}],"curies":[{"name":"wp","href":"https:\/\/api.w.org\/{rel}","templated":true}]}}