{"id":380,"count":1,"description":"<h3><strong>Entitats que promouen l'\u00fas de la llengua<\/strong><\/h3>\r\n<a href=\"https:\/\/projectes.xtec.cat\/usdelallengua\/wp-content\/uploads\/usu2313\/2023\/04\/Activem-nos-2.png\"><img class=\"size-thumbnail wp-image-9219 alignleft\" src=\"https:\/\/projectes.xtec.cat\/usdelallengua\/wp-content\/uploads\/usu2313\/2023\/04\/Activem-nos-2-150x150.png\" alt=\"\" width=\"150\" height=\"150\" \/><\/a>\r\n\r\n<span style=\"font-weight: 400;\">La Fira d\u2019entitats de l\u2019acte Activem-nos pel catal\u00e0 va aplegar un conjunt d\u2019empreses i entitats que ofereixen activitats i tallers per fer en horari lectiu, relacionats amb camps i tem\u00e0tiques ben diferents. Algunes propostes treballen la llengua amb la m\u00fasica, la creaci\u00f3 de can\u00e7ons i el desenvolupament de rimes, altres promouen l\u2019\u00fas del catal\u00e0 fent d\u2019aquesta llengua el vehicle de comunicaci\u00f3 d\u2019activitats de ci\u00e8ncia, ball, teatre, creaci\u00f3 de mems, disseny de grafits, creaci\u00f3 de guions audiovisuals, doblatge, audiodescripci\u00f3, de sensibilitzaci\u00f3 al voltant de la diversitat ling\u00fc\u00edstica i cultural, etc. Cada setmana publicarem e<\/span><span style=\"font-weight: 400;\">n aquesta p\u00e0gina un resum de les activitats que proposen diverses entitats.<\/span>\r\n\r\n<span style=\"font-weight: 400;\">_________________________________________________________________________________________________<\/span>\r\n\r\n[slideshow_deploy id='9185']","link":"https:\/\/projectes.xtec.cat\/usdelallengua\/categoria\/activem-nos-pel-catala\/entitats\/","name":"Entitats","slug":"entitats","taxonomy":"category","parent":492,"meta":[],"_links":{"self":[{"href":"https:\/\/projectes.xtec.cat\/usdelallengua\/wp-json\/wp\/v2\/categories\/380","targetHints":{"allow":["GET"]}}],"collection":[{"href":"https:\/\/projectes.xtec.cat\/usdelallengua\/wp-json\/wp\/v2\/categories"}],"about":[{"href":"https:\/\/projectes.xtec.cat\/usdelallengua\/wp-json\/wp\/v2\/taxonomies\/category"}],"up":[{"embeddable":true,"href":"https:\/\/projectes.xtec.cat\/usdelallengua\/wp-json\/wp\/v2\/categories\/492"}],"wp:post_type":[{"href":"https:\/\/projectes.xtec.cat\/usdelallengua\/wp-json\/wp\/v2\/posts?categories=380"}],"curies":[{"name":"wp","href":"https:\/\/api.w.org\/{rel}","templated":true}]}}