{"id":10014,"date":"2025-09-03T08:41:25","date_gmt":"2025-09-03T06:41:25","guid":{"rendered":"https:\/\/projectes.xtec.cat\/usdelallengua\/?p=10014"},"modified":"2025-09-03T08:41:25","modified_gmt":"2025-09-03T06:41:25","slug":"formacions-telematiques-per-al-curs-2025-2026","status":"publish","type":"post","link":"https:\/\/projectes.xtec.cat\/usdelallengua\/general\/formacions-telematiques-per-al-curs-2025-2026\/","title":{"rendered":"Formacions telem\u00e0tiques per al curs 2025-2026"},"content":{"rendered":"<p><span style=\"font-weight: 400;\"><img loading=\"lazy\" decoding=\"async\" class=\"alignleft wp-image-10015 size-full\" src=\"https:\/\/projectes.xtec.cat\/usdelallengua\/wp-content\/uploads\/usu2313\/2025\/09\/Formacions-telematiques-25-26.png\" alt=\"\" width=\"450\" height=\"200\" srcset=\"https:\/\/projectes.xtec.cat\/usdelallengua\/wp-content\/uploads\/usu2313\/2025\/09\/Formacions-telematiques-25-26.png 450w, https:\/\/projectes.xtec.cat\/usdelallengua\/wp-content\/uploads\/usu2313\/2025\/09\/Formacions-telematiques-25-26-300x133.png 300w\" sizes=\"auto, (max-width: 450px) 100vw, 450px\" \/>El Servei de Suports i Recursos ling\u00fc\u00edstics, del Departament d\u2019Educaci\u00f3, posa a disposici\u00f3 dels docents un ampli ventall d\u2019<\/span><b>activitats formatives telem\u00e0tiques relacionades amb l\u2019ensenyament i aprenentatge de la llengua<\/b><span style=\"font-weight: 400;\">. El termini d\u2019inscripci\u00f3 a les activitats estar\u00e0 obert des de <\/span><b>divendres 5 de setembre de 2025<\/b><span style=\"font-weight: 400;\"> fins a <\/span><b>diumenge 21 de setembre de 2025<\/b><span style=\"font-weight: 400;\">\u00a0a\u00a0<\/span><a href=\"https:\/\/xtec.gencat.cat\/ca\/formacio\/info-general\/cercador-activitats\/\"><b>activitats de formaci\u00f3 de la XTEC<\/b><\/a><span style=\"font-weight: 400;\">.<\/span><\/p>\n<p><span style=\"font-weight: 400;\">Pel que fa a l\u2019ensenyament i aprenentatge de la llengua des d\u2019un enfocament comunicatiu, destaquem l\u2019activitat formativa:<\/span><\/p>\n<ul>\n<li style=\"font-weight: 400;\" aria-level=\"1\"><a href=\"https:\/\/aplicacions.gestioeducativa.gencat.cat\/ords\/pls\/soloas\/pk_for_mod_ins.p_for_exhaustiu_activitat?p_header=Llista%20d%27activitats%5Epk_for_mod_ins.p_for_cons_activitats?p_tipus_act=ACO,ADCL,DJAN,ANSU,LITU,TDLC,TSI,JOC,FTN,INT%26p_totes=S%26p_inici=1%26p_excloure_crp_rec=F*Detall%20d%27activitat%5Epk_for_mod_ins.p_for_detall_activitat?p_codi=9001840555%26p_curs=2025-2026%26p_es_inscr=S&amp;p_codi=9001840555&amp;p_curs=2025-2026&amp;p_es_inscr=S\"><i><span style=\"font-weight: 400;\">Llenguajocs. Aprendre catal\u00e0 a trav\u00e9s de jocs<\/span><\/i><\/a><span style=\"font-weight: 400;\">.<\/span><\/li>\n<\/ul>\n<p><span style=\"font-weight: 400;\">En aquesta formaci\u00f3 s\u2019oferiran un seguit de recursos per aplicar noves f\u00f3rmules amb enfocaments basats en el joc en l\u2019ensenyament de la llengua catalana i en els aspectes socials i culturals que hi estan relacionats per tal de potenciar, principalment, la participaci\u00f3, l\u2019aprenentatge i la creativitat de l\u2019alumnat. Es tracta d\u2019un curs per descobrir el joc com a eina clau per ensenyar llengua i aspectes socials i culturals que hi estan relacionats, o b\u00e9 aprofundir-hi.<\/span><\/p>\n<p><span style=\"font-weight: 400;\">A m\u00e9s de treballar aspectes i habilitats diferents de la llengua i la cultura catalanes, en la formaci\u00f3 s\u2019oferiran estrat\u00e8gies per aplicar jocs experimentats durant el taller i les possibles variants, tenint en compte els diversos aspectes i habilitats de la llengua, es reflexionar\u00e0 sobre el potencial did\u00e0ctic del joc, les habilitats que es treballen jugant i els avantatges d\u2019utilitzar el joc com a eina educativa.<\/span><\/p>\n<p><span style=\"font-weight: 400;\">El curs es desenvolupa a partir de 4 sessions s\u00edncrones, que es duran a terme els dijous del mes de novembre, de 17.30 h a 19.30 h (6, 13, 20 i 27 de novembre) i mitjan\u00e7ant la plataforma Odissea. Per certificar el curs cal superar tots els m\u00f2duls i el projecte final, i realitzar el q\u00fcestionari de satisfacci\u00f3 final. Per inscriure-us-hi directament, podeu fer-ho buscant aquest codi <\/span><span style=\"font-weight: 400;\">9001840555 en el cercador d\u2019activitats d\u2019xtec<\/span><span style=\"font-weight: 400;\">.<\/span><\/p>\n<p><span style=\"font-weight: 400;\">A l\u2019apartat\u00a0<\/span><a href=\"https:\/\/projectes.xtec.cat\/acollidasuport\/formacio\/\"><span style=\"font-weight: 400;\">Formaci\u00f3<\/span><\/a><span style=\"font-weight: 400;\">\u00a0del Nodes d\u2019atenci\u00f3 a l\u2019alumnat d\u2019origen estranger podeu trobar tota la informaci\u00f3 sobre els seg\u00fcents cursos telem\u00e0tics relacionats amb l\u2019acollida i la did\u00e0ctica de segones lleng\u00fces, els suports a l\u2019aula ordin\u00e0ria i el pluriling\u00fcisme i la interculturalitat.<\/span><\/p>\n<ul>\n<li style=\"font-weight: 400;\" aria-level=\"1\"><span style=\"font-weight: 400;\">\u00a0<\/span><a href=\"https:\/\/projectes.xtec.cat\/acollidasuport\/wp-content\/uploads\/usu2169\/2020\/08\/Info_ACO.pdf\"><span style=\"font-weight: 400;\">L\u2019acollida en contextos escolars de diversitat ling\u00fc\u00edstica i cultural<\/span><\/a><\/li>\n<li style=\"font-weight: 400;\" aria-level=\"1\"><a href=\"https:\/\/projectes.xtec.cat\/acollidasuport\/wp-content\/uploads\/usu2169\/2020\/08\/Info_ADCL.pdf\"><span style=\"font-weight: 400;\">Did\u00e0ctica del catal\u00e0 com a segona llengua per a l\u2019alumnat nouvingut<\/span><\/a><\/li>\n<li style=\"font-weight: 400;\" aria-level=\"1\"><a href=\"https:\/\/projectes.xtec.cat\/acollidasuport\/wp-content\/uploads\/usu2169\/2020\/08\/Info_ANSU.pdf\"><span style=\"font-weight: 400;\">Estrat\u00e8gies de suport a l\u2019aprenentatge de l\u2019alumnat d\u2019origen estranger a l\u2019aula ordin\u00e0ria<\/span><\/a><\/li>\n<li style=\"font-weight: 400;\" aria-level=\"1\"><a href=\"https:\/\/projectes.xtec.cat\/acollidasuport\/wp-content\/uploads\/usu2169\/2020\/08\/Info_DJAN.pdf\"><span style=\"font-weight: 400;\">Estrat\u00e8gies d\u2019acollida emocional per a una escola intercultural. Del jo al nosaltres<\/span><\/a><\/li>\n<li style=\"font-weight: 400;\" aria-level=\"1\"><a href=\"https:\/\/projectes.xtec.cat\/acollidasuport\/wp-content\/uploads\/usu2169\/2020\/08\/Info_TDLC.pdf\"><span style=\"font-weight: 400;\">El tractament de la diversitat ling\u00fc\u00edstica en un centre educatiu<\/span><\/a><\/li>\n<li style=\"font-weight: 400;\" aria-level=\"1\"><a href=\"https:\/\/projectes.xtec.cat\/acollidasuport\/wp-content\/uploads\/usu2169\/2020\/08\/Info_LITU.pdf\"><span style=\"font-weight: 400;\">Les altres literatures universals<\/span><\/a><\/li>\n<li style=\"font-weight: 400;\" aria-level=\"1\"><a href=\"https:\/\/projectes.xtec.cat\/acollidasuport\/wp-content\/uploads\/usu2169\/2020\/08\/Info_TSI.pdf\"><span style=\"font-weight: 400;\">Aprenentatge competencial: el treball per tasques a secund\u00e0ria<\/span><\/a><\/li>\n<li style=\"font-weight: 400;\" aria-level=\"1\"><a href=\"https:\/\/projectes.xtec.cat\/acollidasuport\/wp-content\/uploads\/usu2169\/2021\/02\/Info_DEIC.pdf\"><span style=\"font-weight: 400;\">Educaci\u00f3 intercultural: fonaments te\u00f2rics i aplicaci\u00f3 en el centre docent<\/span><\/a><\/li>\n<\/ul>\n<p><span style=\"font-weight: 400;\">Tamb\u00e9 us poden interessar les\u00a0<\/span><a href=\"https:\/\/aplicacions.ensenyament.gencat.cat\/pls\/soloas\/pk_for_mod_ins.p_for_cons_activitats?p_any=&amp;p_tipus_act=INT,INT2&amp;p_totes=N\"><span style=\"font-weight: 400;\">activitats formatives sobre intercomprensi\u00f3 ling\u00fc\u00edstica<\/span><\/a><span style=\"font-weight: 400;\">.<\/span><\/p>\n","protected":false},"excerpt":{"rendered":"<p>El Servei de Suports i Recursos ling\u00fc\u00edstics, del Departament d\u2019Educaci\u00f3, posa a disposici\u00f3 dels docents un ampli ventall d\u2019activitats formatives telem\u00e0tiques relacionades amb l\u2019ensenyament i aprenentatge de la llengua. El termini d\u2019inscripci\u00f3 a les activitats estar\u00e0 obert des de divendres 5 de setembre de 2025&hellip;  <a href=\"https:\/\/projectes.xtec.cat\/usdelallengua\/general\/formacions-telematiques-per-al-curs-2025-2026\/\" title=\"Read Formacions telem\u00e0tiques per al curs 2025-2026\">Llegeix m\u00e9s\u00bb<\/a><\/p>\n","protected":false},"author":1,"featured_media":10015,"comment_status":"closed","ping_status":"closed","sticky":false,"template":"","format":"standard","meta":{"_bbp_topic_count":0,"_bbp_reply_count":0,"_bbp_total_topic_count":0,"_bbp_total_reply_count":0,"_bbp_voice_count":0,"_bbp_anonymous_reply_count":0,"_bbp_topic_count_hidden":0,"_bbp_reply_count_hidden":0,"_bbp_forum_subforum_count":0,"footnotes":""},"categories":[304,1,29],"tags":[343],"class_list":["post-10014","post","type-post","status-publish","format-standard","has-post-thumbnail","hentry","category-formacio","category-general","category-portada","tag-formacio"],"post_mailing_queue_ids":[],"_links":{"self":[{"href":"https:\/\/projectes.xtec.cat\/usdelallengua\/wp-json\/wp\/v2\/posts\/10014","targetHints":{"allow":["GET"]}}],"collection":[{"href":"https:\/\/projectes.xtec.cat\/usdelallengua\/wp-json\/wp\/v2\/posts"}],"about":[{"href":"https:\/\/projectes.xtec.cat\/usdelallengua\/wp-json\/wp\/v2\/types\/post"}],"author":[{"embeddable":true,"href":"https:\/\/projectes.xtec.cat\/usdelallengua\/wp-json\/wp\/v2\/users\/1"}],"replies":[{"embeddable":true,"href":"https:\/\/projectes.xtec.cat\/usdelallengua\/wp-json\/wp\/v2\/comments?post=10014"}],"version-history":[{"count":2,"href":"https:\/\/projectes.xtec.cat\/usdelallengua\/wp-json\/wp\/v2\/posts\/10014\/revisions"}],"predecessor-version":[{"id":10017,"href":"https:\/\/projectes.xtec.cat\/usdelallengua\/wp-json\/wp\/v2\/posts\/10014\/revisions\/10017"}],"wp:featuredmedia":[{"embeddable":true,"href":"https:\/\/projectes.xtec.cat\/usdelallengua\/wp-json\/wp\/v2\/media\/10015"}],"wp:attachment":[{"href":"https:\/\/projectes.xtec.cat\/usdelallengua\/wp-json\/wp\/v2\/media?parent=10014"}],"wp:term":[{"taxonomy":"category","embeddable":true,"href":"https:\/\/projectes.xtec.cat\/usdelallengua\/wp-json\/wp\/v2\/categories?post=10014"},{"taxonomy":"post_tag","embeddable":true,"href":"https:\/\/projectes.xtec.cat\/usdelallengua\/wp-json\/wp\/v2\/tags?post=10014"}],"curies":[{"name":"wp","href":"https:\/\/api.w.org\/{rel}","templated":true}]}}