{"id":10049,"date":"2025-11-25T08:59:28","date_gmt":"2025-11-25T07:59:28","guid":{"rendered":"https:\/\/projectes.xtec.cat\/usdelallengua\/?p=10049"},"modified":"2025-11-25T08:59:28","modified_gmt":"2025-11-25T07:59:28","slug":"premi-filcat-2026-a-treballs-de-recerca-de-llengua-catalana-i-literatura","status":"publish","type":"post","link":"https:\/\/projectes.xtec.cat\/usdelallengua\/general\/premi-filcat-2026-a-treballs-de-recerca-de-llengua-catalana-i-literatura\/","title":{"rendered":"Premi FilCat 2026 a treballs de recerca de llengua catalana i literatura"},"content":{"rendered":"<p><img loading=\"lazy\" decoding=\"async\" class=\"alignleft wp-image-10050 size-full\" src=\"https:\/\/projectes.xtec.cat\/usdelallengua\/wp-content\/uploads\/usu2313\/2025\/11\/Premi-FilCat-2026.png\" alt=\"\" width=\"450\" height=\"200\" srcset=\"https:\/\/projectes.xtec.cat\/usdelallengua\/wp-content\/uploads\/usu2313\/2025\/11\/Premi-FilCat-2026.png 450w, https:\/\/projectes.xtec.cat\/usdelallengua\/wp-content\/uploads\/usu2313\/2025\/11\/Premi-FilCat-2026-300x133.png 300w\" sizes=\"auto, (max-width: 450px) 100vw, 450px\" \/>S&#8217;ha obert la convocat\u00f2ria de l&#8217;11a edici\u00f3 del Premi FilCat.UB (2026). El premi s&#8217;adre\u00e7a als estudiants de segon curs de batxillerat de tots els centres educatius de les terres de llengua catalana, i t\u00e9 dues modalitats: treballs de recerca de batxillerat sobre llengua catalana i treballs de recerca de batxillerat sobre literatura catalana. Es premiaran els treballs originals i in\u00e8dits escrits en llengua catalana i sobre aquesta llengua o sobre literatura catalana que excel\u00b7leixin pel seu inter\u00e8s, rigor i creativitat. S&#8217;hi poden presentar\u00a0<strong>treballs fets el curs 2025-26<\/strong>.<\/p>\n<p>La convocat\u00f2ria s&#8217;ha publicat a la\u00a0<a href=\"https:\/\/seu.ub.edu\/ajutsPublic\/showPublicacion\/816855\" target=\"_blank\" rel=\"noopener\">Seu electr\u00f2nica de la UB<\/a>. El termini de presentaci\u00f3 dels treballs \u00e9s el\u00a0<strong>13 de\u00a0mar\u00e7 del 2026<\/strong>.<\/p>\n<p>Com participar-hi? Per poder optar al premi cal presentar una <a class=\"file file--mime-application-pdf file--application-pdf\" href=\"https:\/\/filcat.ub.edu\/sites\/default\/files\/inline-files\/sol-licitud-participacio-11e-premi-filcatub-2026_0.pdf\" target=\"_blank\" rel=\"noopener\" data-entity-type=\"file\" data-entity-uuid=\"345a3d3a-4da7-4062-bd21-7fc776bef69c\"><strong>sol\u00b7licitud de participaci\u00f3<\/strong><\/a>. Quan la sol\u00b7licitud sigui acceptada, els candidats rebran informaci\u00f3 per correu sobre el procediment que han de seguir per al lliurament de la documentaci\u00f3. Cal tenir present que, a part d&#8217;altres documents, s&#8217;haur\u00e0 de presentar una c\u00f2pia en format .pdf del treball escrit i un v\u00eddeo de 3 minuts on els candidats expliquin els aspectes essencials del treball (ha de ser un v\u00eddeo senzill, que es pot enregistrar amb el m\u00f2bil). Trobareu informaci\u00f3 m\u00e9s detallada a les\u00a0<a class=\"file file--mime-application-pdf file--application-pdf\" href=\"https:\/\/filcat.ub.edu\/sites\/default\/files\/inline-files\/bases-11e-premi-filcat.ub-2026_1.pdf\" target=\"_blank\" rel=\"noopener\" data-entity-type=\"file\" data-entity-uuid=\"12b9fa07-f623-4b73-bf1f-13c72661fc24\">bases del premi<\/a>.<\/p>\n<h4><\/h4>\n<h4>Premis i dotacions<\/h4>\n<p>Premis<\/p>\n<p>\u2022 Premi al millor treball en la categoria de llengua catalana<\/p>\n<p>\u2022 Premi al millor treball en la categoria de literatura catalana<\/p>\n<p>\u2022 2 mencions en la categoria de llengua catalana<\/p>\n<p>\u2022 2 mencions en la categoria de literatura catalana<\/p>\n<p>Dotacions<\/p>\n<p>Per a l\u2019estudiant:<\/p>\n<p>\u2022 Premis: una dotaci\u00f3 econ\u00f2mica de 350 \u20ac, un diploma acreditatiu i un lot de productes UB<\/p>\n<p>\u2022 Mencions: un val de 100 \u20ac per a la compra de llibres, un diploma acreditatiu i un lot de productes UB<\/p>\n<p>Per al centre educatiu:<\/p>\n<p>\u2022 Un val de 100 \u20ac per a la compra de llibres<\/p>\n<p>\u2022 Dos diplomes acreditatius (per al centre i per al tutor)<\/p>\n<p>En cas que el treball sigui col\u00b7lectiu, el premi es repartir\u00e0 entre els autors.<\/p>\n<p>&nbsp;<\/p>\n<h4>Jurat<\/h4>\n<p>El jurat que avaluar\u00e0 els treballs estar\u00e0 compost pels coordinadors del premi FilCat.UB, un professor de la Secci\u00f3 de Ling\u00fc\u00edstica Catalana del Departament de Filologia Catalana i Ling\u00fc\u00edstica General de la Universitat de Barcelona, un professor de la Secci\u00f3 de Literatura Catalana i dos professors d&#8217;ensenyament secundari i batxillerat.<\/p>\n<p>Animeu el vostre alumnat!<\/p>\n<p>&nbsp;<\/p>\n<p>\u25ba\u00a0<a class=\"file file--mime-application-pdf file--application-pdf\" title=\"Bases 11\u00e8 Premi FilCat.UB 2026\" href=\"https:\/\/filcat.ub.edu\/sites\/default\/files\/inline-files\/bases-11e-premi-filcat.ub-2026_0.pdf\" target=\"_blank\" rel=\"noopener\" data-entity-type=\"file\" data-entity-uuid=\"fb01292e-85fc-409e-b860-5e1d7a1326dc\"><strong>Bases de l&#8217;11a edici\u00f3 del Premi Filcat.UB (2026)<\/strong><\/a><\/p>\n<p>\u25ba\u00a0<strong><a class=\"file file--mime-application-pdf file--application-pdf\" title=\"Cartell 11\u00e8 Premi FilCat.UB 2026\" href=\"https:\/\/filcat.ub.edu\/sites\/default\/files\/inline-files\/cartell_filcatubpremi_2026_0.pdf\" target=\"_blank\" rel=\"noopener\" data-entity-type=\"file\" data-entity-uuid=\"4659ad69-6f9c-4c0b-a456-d8dddd7b96a5\">Cartell<\/a><\/strong><\/p>\n<p>\u25ba\u00a0<a class=\"file file--mime-application-pdf file--application-pdf\" href=\"https:\/\/filcat.ub.edu\/sites\/default\/files\/inline-files\/sol-licitud-participacio-11e-premi-filcatub-2026.pdf\" target=\"_blank\" rel=\"noopener\" data-entity-type=\"file\" data-entity-uuid=\"aa84bb75-4ee8-4517-968b-5ca56d29e793\"><strong>Full de sol\u00b7licitud de participaci\u00f3<\/strong><\/a><\/p>\n","protected":false},"excerpt":{"rendered":"<p>S&#8217;ha obert la convocat\u00f2ria de l&#8217;11a edici\u00f3 del Premi FilCat.UB (2026). El premi s&#8217;adre\u00e7a als estudiants de segon curs de batxillerat de tots els centres educatius de les terres de llengua catalana, i t\u00e9 dues modalitats: treballs de recerca de batxillerat sobre llengua catalana i&hellip;  <a href=\"https:\/\/projectes.xtec.cat\/usdelallengua\/general\/premi-filcat-2026-a-treballs-de-recerca-de-llengua-catalana-i-literatura\/\" title=\"Read Premi FilCat 2026 a treballs de recerca de llengua catalana i literatura\">Llegeix m\u00e9s\u00bb<\/a><\/p>\n","protected":false},"author":1,"featured_media":10050,"comment_status":"closed","ping_status":"closed","sticky":false,"template":"","format":"standard","meta":{"_bbp_topic_count":0,"_bbp_reply_count":0,"_bbp_total_topic_count":0,"_bbp_total_reply_count":0,"_bbp_voice_count":0,"_bbp_anonymous_reply_count":0,"_bbp_topic_count_hidden":0,"_bbp_reply_count_hidden":0,"_bbp_forum_subforum_count":0,"footnotes":""},"categories":[1,29],"tags":[367],"class_list":["post-10049","post","type-post","status-publish","format-standard","has-post-thumbnail","hentry","category-general","category-portada","tag-premi"],"post_mailing_queue_ids":[],"_links":{"self":[{"href":"https:\/\/projectes.xtec.cat\/usdelallengua\/wp-json\/wp\/v2\/posts\/10049","targetHints":{"allow":["GET"]}}],"collection":[{"href":"https:\/\/projectes.xtec.cat\/usdelallengua\/wp-json\/wp\/v2\/posts"}],"about":[{"href":"https:\/\/projectes.xtec.cat\/usdelallengua\/wp-json\/wp\/v2\/types\/post"}],"author":[{"embeddable":true,"href":"https:\/\/projectes.xtec.cat\/usdelallengua\/wp-json\/wp\/v2\/users\/1"}],"replies":[{"embeddable":true,"href":"https:\/\/projectes.xtec.cat\/usdelallengua\/wp-json\/wp\/v2\/comments?post=10049"}],"version-history":[{"count":4,"href":"https:\/\/projectes.xtec.cat\/usdelallengua\/wp-json\/wp\/v2\/posts\/10049\/revisions"}],"predecessor-version":[{"id":10054,"href":"https:\/\/projectes.xtec.cat\/usdelallengua\/wp-json\/wp\/v2\/posts\/10049\/revisions\/10054"}],"wp:featuredmedia":[{"embeddable":true,"href":"https:\/\/projectes.xtec.cat\/usdelallengua\/wp-json\/wp\/v2\/media\/10050"}],"wp:attachment":[{"href":"https:\/\/projectes.xtec.cat\/usdelallengua\/wp-json\/wp\/v2\/media?parent=10049"}],"wp:term":[{"taxonomy":"category","embeddable":true,"href":"https:\/\/projectes.xtec.cat\/usdelallengua\/wp-json\/wp\/v2\/categories?post=10049"},{"taxonomy":"post_tag","embeddable":true,"href":"https:\/\/projectes.xtec.cat\/usdelallengua\/wp-json\/wp\/v2\/tags?post=10049"}],"curies":[{"name":"wp","href":"https:\/\/api.w.org\/{rel}","templated":true}]}}