{"id":10055,"date":"2025-12-01T12:22:24","date_gmt":"2025-12-01T11:22:24","guid":{"rendered":"https:\/\/projectes.xtec.cat\/usdelallengua\/?p=10055"},"modified":"2025-12-01T12:22:24","modified_gmt":"2025-12-01T11:22:24","slug":"premis-maria-merce-marcal-de-didactica-de-la-llengua-catalana","status":"publish","type":"post","link":"https:\/\/projectes.xtec.cat\/usdelallengua\/general\/premis-maria-merce-marcal-de-didactica-de-la-llengua-catalana\/","title":{"rendered":"Premis Maria-Merc\u00e8 Mar\u00e7al de did\u00e0ctica de la llengua catalana"},"content":{"rendered":"<p><img loading=\"lazy\" decoding=\"async\" class=\"alignleft size-full wp-image-10056\" src=\"https:\/\/projectes.xtec.cat\/usdelallengua\/wp-content\/uploads\/usu2313\/2025\/12\/premis-MMMarcal-Usos.png\" alt=\"\" width=\"450\" height=\"200\" srcset=\"https:\/\/projectes.xtec.cat\/usdelallengua\/wp-content\/uploads\/usu2313\/2025\/12\/premis-MMMarcal-Usos.png 450w, https:\/\/projectes.xtec.cat\/usdelallengua\/wp-content\/uploads\/usu2313\/2025\/12\/premis-MMMarcal-Usos-300x133.png 300w\" sizes=\"auto, (max-width: 450px) 100vw, 450px\" \/>El Col\u00b7legi Oficial de Doctors i Llicenciats de Catalunya convoca els Premis Maria-Merc\u00e8 Mar\u00e7al, que reconeixen la tasca dels docents de tots els territoris del domini ling\u00fc\u00edstic que impulsen la llengua catalana, tant a l\u2019aula com en l\u2019\u00e0mbit creatiu i personal.<\/p>\n<p>Els premis estan adre\u00e7ats als docents, i cerquen visibilitzar i promoure iniciatives pedag\u00f2giques centrades en l\u2019\u00fas de la llengua com a eina de transformaci\u00f3, creaci\u00f3 i pensament cr\u00edtic.<\/p>\n<p>Us hi podeu inscriure fins al 30 de desembre de 2025.<\/p>\n<p>&nbsp;<\/p>\n<p>&nbsp;<\/p>\n<p><strong>Categories i requisits<\/strong><\/p>\n<p><strong>Categoria A<\/strong> \u2013 Experi\u00e8ncia educativa en did\u00e0ctica de la llengua catalana<br \/>\nPremi a una experi\u00e8ncia innovadora que promogui l\u2019\u00fas actiu i significatiu de la llengua catalana a l\u2019aula.<br \/>\nDestinataris: docents de totes les etapes educatives.<br \/>\nRequisits: mem\u00f2ria descriptiva (m\u00e0xim 5 p\u00e0gines).<br \/>\nDotaci\u00f3: 400 \u20ac.<\/p>\n<p><strong>Categoria B<\/strong> \u2013 Experi\u00e8ncia educativa en did\u00e0ctica de la literatura catalana<br \/>\nPremi a una experi\u00e8ncia did\u00e0ctica que utilitzi la literatura catalana com a eina educativa i creativa a l\u2019aula.<br \/>\nDestinataris: docents de totes les etapes educatives.<br \/>\nRequisits: mem\u00f2ria descriptiva (m\u00e0xim 5 p\u00e0gines).<br \/>\nDotaci\u00f3: 400 \u20ac.<\/p>\n<p><strong>Categoria C<\/strong> \u2013 Experi\u00e8ncies de les aules d\u2019acollida<\/p>\n<p>Premi a una experi\u00e8ncia d\u2019integraci\u00f3 en la qual la llengua catalana sigui clau a les aules d\u2019acollida (curtmetratge, p\u00f2dcast, entrevista, etc.).<br \/>\nDestinataris: docents d\u2019aules d\u2019acollida.<\/p>\n<p>Dotaci\u00f3: 400 \u20ac.<\/p>\n<p>Trobareu tota la informaci\u00f3 en<a href=\"https:\/\/www.cdl.cat\/premi-maria-merce-marcal\" target=\"_blank\" rel=\"noopener\"><strong> aquest enlla\u00e7.<\/strong><\/a><\/p>\n<p>&nbsp;<\/p>\n","protected":false},"excerpt":{"rendered":"<p>El Col\u00b7legi Oficial de Doctors i Llicenciats de Catalunya convoca els Premis Maria-Merc\u00e8 Mar\u00e7al, que reconeixen la tasca dels docents de tots els territoris del domini ling\u00fc\u00edstic que impulsen la llengua catalana, tant a l\u2019aula com en l\u2019\u00e0mbit creatiu i personal.<br \/>\nEls premis estan adre\u00e7ats als&hellip;  <a href=\"https:\/\/projectes.xtec.cat\/usdelallengua\/general\/premis-maria-merce-marcal-de-didactica-de-la-llengua-catalana\/\" title=\"Read Premis Maria-Merc\u00e8 Mar\u00e7al de did\u00e0ctica de la llengua catalana\">Llegeix m\u00e9s\u00bb<\/a><\/p>\n","protected":false},"author":1,"featured_media":10056,"comment_status":"closed","ping_status":"open","sticky":false,"template":"","format":"standard","meta":{"_bbp_topic_count":0,"_bbp_reply_count":0,"_bbp_total_topic_count":0,"_bbp_total_reply_count":0,"_bbp_voice_count":0,"_bbp_anonymous_reply_count":0,"_bbp_topic_count_hidden":0,"_bbp_reply_count_hidden":0,"_bbp_forum_subforum_count":0,"footnotes":""},"categories":[1,29],"tags":[],"class_list":["post-10055","post","type-post","status-publish","format-standard","has-post-thumbnail","hentry","category-general","category-portada"],"post_mailing_queue_ids":[],"_links":{"self":[{"href":"https:\/\/projectes.xtec.cat\/usdelallengua\/wp-json\/wp\/v2\/posts\/10055","targetHints":{"allow":["GET"]}}],"collection":[{"href":"https:\/\/projectes.xtec.cat\/usdelallengua\/wp-json\/wp\/v2\/posts"}],"about":[{"href":"https:\/\/projectes.xtec.cat\/usdelallengua\/wp-json\/wp\/v2\/types\/post"}],"author":[{"embeddable":true,"href":"https:\/\/projectes.xtec.cat\/usdelallengua\/wp-json\/wp\/v2\/users\/1"}],"replies":[{"embeddable":true,"href":"https:\/\/projectes.xtec.cat\/usdelallengua\/wp-json\/wp\/v2\/comments?post=10055"}],"version-history":[{"count":1,"href":"https:\/\/projectes.xtec.cat\/usdelallengua\/wp-json\/wp\/v2\/posts\/10055\/revisions"}],"predecessor-version":[{"id":10057,"href":"https:\/\/projectes.xtec.cat\/usdelallengua\/wp-json\/wp\/v2\/posts\/10055\/revisions\/10057"}],"wp:featuredmedia":[{"embeddable":true,"href":"https:\/\/projectes.xtec.cat\/usdelallengua\/wp-json\/wp\/v2\/media\/10056"}],"wp:attachment":[{"href":"https:\/\/projectes.xtec.cat\/usdelallengua\/wp-json\/wp\/v2\/media?parent=10055"}],"wp:term":[{"taxonomy":"category","embeddable":true,"href":"https:\/\/projectes.xtec.cat\/usdelallengua\/wp-json\/wp\/v2\/categories?post=10055"},{"taxonomy":"post_tag","embeddable":true,"href":"https:\/\/projectes.xtec.cat\/usdelallengua\/wp-json\/wp\/v2\/tags?post=10055"}],"curies":[{"name":"wp","href":"https:\/\/api.w.org\/{rel}","templated":true}]}}