{"id":10091,"date":"2026-01-30T08:36:12","date_gmt":"2026-01-30T07:36:12","guid":{"rendered":"https:\/\/projectes.xtec.cat\/usdelallengua\/?p=10091"},"modified":"2026-01-30T08:36:12","modified_gmt":"2026-01-30T07:36:12","slug":"la-lectura-en-veu-alta-al-supercampus-sx3","status":"publish","type":"post","link":"https:\/\/projectes.xtec.cat\/usdelallengua\/general\/la-lectura-en-veu-alta-al-supercampus-sx3\/","title":{"rendered":"La lectura en veu alta, al SuperCampus SX3"},"content":{"rendered":"<p><img loading=\"lazy\" decoding=\"async\" class=\"alignleft size-full wp-image-10092\" src=\"https:\/\/projectes.xtec.cat\/usdelallengua\/wp-content\/uploads\/usu2313\/2026\/01\/curs-CIEMEN-10.png\" alt=\"\" width=\"450\" height=\"200\" srcset=\"https:\/\/projectes.xtec.cat\/usdelallengua\/wp-content\/uploads\/usu2313\/2026\/01\/curs-CIEMEN-10.png 450w, https:\/\/projectes.xtec.cat\/usdelallengua\/wp-content\/uploads\/usu2313\/2026\/01\/curs-CIEMEN-10-300x133.png 300w\" sizes=\"auto, (max-width: 450px) 100vw, 450px\" \/>El <a href=\"https:\/\/www.3cat.cat\/tv3\/sx3\/supercampus\/\">SuperCampus SX3<\/a> ha publicat un nou recurs did\u00e0ctic pensat per refor\u00e7ar una compet\u00e8ncia clau a l\u2019aula: <a href=\"https:\/\/www.3cat.cat\/tv3\/sx3\/lectura-en-veu-alta\/videos\/\">la lectura en veu alta<\/a>. Sota el t\u00edtol <em>La lectura en veu alta<\/em>, aquest espai ofereix vint cap\u00edtols breus en format v\u00eddeo que combinen explicacions te\u00f2riques i activitats pr\u00e0ctiques per millorar l\u2019expressi\u00f3 oral i la comprensi\u00f3 lectora.<\/p>\n<p>Un dels punts forts del recurs \u00e9s, precisament, el seu enfocament pr\u00e0ctic. Despr\u00e9s de cada explicaci\u00f3 te\u00f2rica, els v\u00eddeos proposen una activitat de lectura en veu alta que permet posar en pr\u00e0ctica els continguts treballats i consolidar els aprenentatges de manera progressiva.<\/p>\n<p>El recurs s\u2019adre\u00e7a a l\u2019alumnat de 1r i 2n d\u2019ESO i es pot trobar a la plataforma SuperCampus, el portal de continguts educatius en catal\u00e0 de l\u2019SX3. Cada v\u00eddeo t\u00e9 una durada d\u2019entre tres i sis minuts, fet que en facilita l\u2019\u00fas tant a l\u2019aula com en treball aut\u00f2nom. Est\u00e0 pensat per acompanyar docents i alumnat en el treball de l\u2019oralitat dins i fora de l\u2019aula.<\/p>\n<p>Al llarg dels diferents cap\u00edtols s\u2019hi expliquen, de manera senzilla i entenedora, els aspectes fonamentals que cal tenir en compte perqu\u00e8 una lectura en veu alta sigui efectiva. Es tracten q\u00fcestions com la preparaci\u00f3 pr\u00e8via del text, l\u2019entonaci\u00f3, la dicci\u00f3, l\u2019escalfament de la veu, la posici\u00f3 del cos o la import\u00e0ncia de l\u2019assaig abans de llegir. <em>La lectura en veu alta<\/em> es presenta aix\u00ed com una eina \u00fatil i accessible per ajudar l\u2019alumnat a guanyar seguretat, flu\u00efdesa i expressivitat a l\u2019hora de llegir, alhora que contribueix a millorar la comprensi\u00f3 dels textos.<\/p>\n<p>Us animem a visitar l\u2019espai <em>La lectura en veu alta<\/em> al SuperCampus SX3 i, si ho veieu convenient, a incorporar aquests v\u00eddeos a la vostra pr\u00e0ctica docent.<\/p>\n","protected":false},"excerpt":{"rendered":"<p>El <a href=\"https:\/\/www.3cat.cat\/tv3\/sx3\/supercampus\/\">SuperCampus SX3<\/a> ha publicat un nou recurs did\u00e0ctic pensat per refor\u00e7ar una compet\u00e8ncia clau a l\u2019aula: <a href=\"https:\/\/www.3cat.cat\/tv3\/sx3\/lectura-en-veu-alta\/videos\/\">la lectura en veu alta<\/a>. Sota el t\u00edtol La lectura en veu alta, aquest espai ofereix vint cap\u00edtols breus en format v\u00eddeo que combinen explicacions te\u00f2riques&hellip;  <a href=\"https:\/\/projectes.xtec.cat\/usdelallengua\/general\/la-lectura-en-veu-alta-al-supercampus-sx3\/\" title=\"Read La lectura en veu alta, al SuperCampus SX3\">Llegeix m\u00e9s\u00bb<\/a><\/p>\n","protected":false},"author":1,"featured_media":10092,"comment_status":"closed","ping_status":"closed","sticky":false,"template":"","format":"standard","meta":{"_bbp_topic_count":0,"_bbp_reply_count":0,"_bbp_total_topic_count":0,"_bbp_total_reply_count":0,"_bbp_voice_count":0,"_bbp_anonymous_reply_count":0,"_bbp_topic_count_hidden":0,"_bbp_reply_count_hidden":0,"_bbp_forum_subforum_count":0,"footnotes":""},"categories":[1,310,29,309],"tags":[],"class_list":["post-10091","post","type-post","status-publish","format-standard","has-post-thumbnail","hentry","category-general","category-material-audiovisual","category-portada","category-recursos-didactics"],"post_mailing_queue_ids":[],"_links":{"self":[{"href":"https:\/\/projectes.xtec.cat\/usdelallengua\/wp-json\/wp\/v2\/posts\/10091","targetHints":{"allow":["GET"]}}],"collection":[{"href":"https:\/\/projectes.xtec.cat\/usdelallengua\/wp-json\/wp\/v2\/posts"}],"about":[{"href":"https:\/\/projectes.xtec.cat\/usdelallengua\/wp-json\/wp\/v2\/types\/post"}],"author":[{"embeddable":true,"href":"https:\/\/projectes.xtec.cat\/usdelallengua\/wp-json\/wp\/v2\/users\/1"}],"replies":[{"embeddable":true,"href":"https:\/\/projectes.xtec.cat\/usdelallengua\/wp-json\/wp\/v2\/comments?post=10091"}],"version-history":[{"count":1,"href":"https:\/\/projectes.xtec.cat\/usdelallengua\/wp-json\/wp\/v2\/posts\/10091\/revisions"}],"predecessor-version":[{"id":10093,"href":"https:\/\/projectes.xtec.cat\/usdelallengua\/wp-json\/wp\/v2\/posts\/10091\/revisions\/10093"}],"wp:featuredmedia":[{"embeddable":true,"href":"https:\/\/projectes.xtec.cat\/usdelallengua\/wp-json\/wp\/v2\/media\/10092"}],"wp:attachment":[{"href":"https:\/\/projectes.xtec.cat\/usdelallengua\/wp-json\/wp\/v2\/media?parent=10091"}],"wp:term":[{"taxonomy":"category","embeddable":true,"href":"https:\/\/projectes.xtec.cat\/usdelallengua\/wp-json\/wp\/v2\/categories?post=10091"},{"taxonomy":"post_tag","embeddable":true,"href":"https:\/\/projectes.xtec.cat\/usdelallengua\/wp-json\/wp\/v2\/tags?post=10091"}],"curies":[{"name":"wp","href":"https:\/\/api.w.org\/{rel}","templated":true}]}}